{"id":13986,"date":"2015-04-28T13:32:45","date_gmt":"2015-04-28T13:32:45","guid":{"rendered":"http:\/\/h.hartmann-gesellschaft.de\/karl-amadeus-hartmanns-qgesangsszeneq-auf-tour\/"},"modified":"2020-05-28T11:27:52","modified_gmt":"2020-05-28T11:27:52","slug":"karl-amadeus-hartmanns-qgesangsszeneq-auf-tour","status":"publish","type":"post","link":"https:\/\/www.hartmann-gesellschaft.de\/en\/karl-amadeus-hartmanns-qgesangsszeneq-auf-tour\/","title":{"rendered":"Success for Hartmann&#8217;s &#8220;Gesangsszene&#8221;"},"content":{"rendered":"<p>In April 2015, Christian Gerhaher and Kirill Petrenko performed Karl Amadeus Hartmann&#8217;s &#8220;Gesangsszene&#8221; with the Bavarian State Orchestra in Munich, Budapest and Vienna.<\/p>\n<p>Here is an overview of the echo in the press landscape:<\/p>\n<p><a href=\"http:\/\/www.sueddeutsche.de\/muenchen\/akademiekonzert-evangelisten-des-untergangs-1.2434536\">S\u00fcddeutsche Zeitung, April 14<\/a><\/p>\n<p><a href=\"http:\/\/www.sueddeutsche.de\/kultur\/der-dirigent-und-sein-orchester-hummeln-in-der-hand-1.2451541?reduced=true\">S\u00fcddeutsche Zeitung, April 24<\/a><\/p>\n<p><a href=\"http:\/\/www.abendzeitung-muenchen.de\/inhalt.konzert-in-der-bayerischen-staatsoper-christian-gerhaher-und-kirill-petrenko-interpretieren-karl-amadeus-hartmann.af9fb892-c160-4063-be8e-a262396507ae.html\">Abendzeitung M\u00fcnchen, April 15<\/a><\/p>\n<p><a href=\"http:\/\/diepresse.com\/home\/kultur\/klassik\/4713863\/Apokalypsen-und-Phantasmen-im-Musikverein?_vl_backlink=\/home\/kultur\/index.do\">Die Presse, Wien, April 21<\/a><\/p>\n<p><a href=\"http:\/\/kurier.at\/kultur\/musik\/kirill-petrenko-zwischen-hexentanz-und-weltuntergang\/126.380.367\">Kurier (Vienna), April 21<\/a><\/p>\n<p><a href=\"http:\/\/derstandard.at\/2000014592983\/Olymp-der-Streicher\">Der Standard (Vienna), April 22<\/a><\/p>\n<p><a href=\"http:\/\/www.wienerzeitung.at\/themen_channel\/musik\/klassik_oper\/747847_Sodom-Gomorrha-und-der-fantastische-Berlioz.html\">Wiener Zeitung, April 28<\/a><\/p>\n<p><a href=\"http:\/\/www.kleinezeitung.at\/s\/kultur\/4713318\/Bayerisches-Staatsorchester-mit-Petrenko-in-Wien\">Kleine Zeitung (Vienna), April 28<\/a><\/p>\n","protected":false},"excerpt":{"rendered":"<p>In April 2015, Christian Gerhaher and Kirill Petrenko performed Karl Amadeus Hartmann&#8217;s &#8220;Gesangsszene&#8221; with the Bavarian State Orchestra in Munich, Budapest and Vienna. Here is an overview of the echo in the press landscape: S\u00fcddeutsche Zeitung, April 14 S\u00fcddeutsche Zeitung, April 24 Abendzeitung M\u00fcnchen, April 15 Die Presse, Wien, April 21 Kurier (Vienna), April 21 [&hellip;]<\/p>\n","protected":false},"author":1,"featured_media":0,"comment_status":"closed","ping_status":"closed","sticky":false,"template":"","format":"standard","meta":{"_acf_changed":false,"footnotes":""},"categories":[1311],"tags":[],"class_list":["post-13986","post","type-post","status-publish","format-standard","hentry","category-press"],"acf":[],"yoast_head":"<!-- This site is optimized with the Yoast SEO plugin v27.5 - https:\/\/yoast.com\/product\/yoast-seo-wordpress\/ -->\n<title>Success for Hartmann&#039;s &quot;Gesangsszene&quot; - KARL AMADEUS HARTMANN - CENTER<\/title>\n<meta name=\"robots\" content=\"index, follow, max-snippet:-1, max-image-preview:large, max-video-preview:-1\" \/>\n<link rel=\"canonical\" href=\"https:\/\/www.hartmann-gesellschaft.de\/en\/karl-amadeus-hartmanns-qgesangsszeneq-auf-tour\/\" \/>\n<meta property=\"og:locale\" content=\"en_US\" \/>\n<meta property=\"og:type\" content=\"article\" \/>\n<meta property=\"og:title\" content=\"Success for Hartmann&#039;s &quot;Gesangsszene&quot; - KARL AMADEUS HARTMANN - CENTER\" \/>\n<meta property=\"og:description\" content=\"In April 2015, Christian Gerhaher and Kirill Petrenko performed Karl Amadeus Hartmann&#8217;s &#8220;Gesangsszene&#8221; with the Bavarian State Orchestra in Munich, Budapest and Vienna. Here is an overview of the echo in the press landscape: S\u00fcddeutsche Zeitung, April 14 S\u00fcddeutsche Zeitung, April 24 Abendzeitung M\u00fcnchen, April 15 Die Presse, Wien, April 21 Kurier (Vienna), April 21 [&hellip;]\" \/>\n<meta property=\"og:url\" content=\"https:\/\/www.hartmann-gesellschaft.de\/en\/karl-amadeus-hartmanns-qgesangsszeneq-auf-tour\/\" \/>\n<meta property=\"og:site_name\" content=\"KARL AMADEUS HARTMANN - CENTER\" \/>\n<meta property=\"article:published_time\" content=\"2015-04-28T13:32:45+00:00\" \/>\n<meta property=\"article:modified_time\" content=\"2020-05-28T11:27:52+00:00\" \/>\n<meta property=\"og:image\" content=\"https:\/\/www.hartmann-gesellschaft.de\/wp-content\/uploads\/2020\/07\/social.jpg\" \/>\n\t<meta property=\"og:image:width\" content=\"1200\" \/>\n\t<meta property=\"og:image:height\" content=\"630\" \/>\n\t<meta property=\"og:image:type\" content=\"image\/jpeg\" \/>\n<meta name=\"author\" content=\"Tom\" \/>\n<meta name=\"twitter:card\" content=\"summary_large_image\" \/>\n<meta name=\"twitter:label1\" content=\"Written by\" \/>\n\t<meta name=\"twitter:data1\" content=\"Tom\" \/>\n<script type=\"application\/ld+json\" class=\"yoast-schema-graph\">{\"@context\":\"https:\\\/\\\/schema.org\",\"@graph\":[{\"@type\":\"Article\",\"@id\":\"https:\\\/\\\/www.hartmann-gesellschaft.de\\\/en\\\/karl-amadeus-hartmanns-qgesangsszeneq-auf-tour\\\/#article\",\"isPartOf\":{\"@id\":\"https:\\\/\\\/www.hartmann-gesellschaft.de\\\/en\\\/karl-amadeus-hartmanns-qgesangsszeneq-auf-tour\\\/\"},\"author\":{\"name\":\"Tom\",\"@id\":\"https:\\\/\\\/www.hartmann-gesellschaft.de\\\/en\\\/#\\\/schema\\\/person\\\/e6f8e7cff986bfd6b259d3dc82de53af\"},\"headline\":\"Success for Hartmann&#8217;s &#8220;Gesangsszene&#8221;\",\"datePublished\":\"2015-04-28T13:32:45+00:00\",\"dateModified\":\"2020-05-28T11:27:52+00:00\",\"mainEntityOfPage\":{\"@id\":\"https:\\\/\\\/www.hartmann-gesellschaft.de\\\/en\\\/karl-amadeus-hartmanns-qgesangsszeneq-auf-tour\\\/\"},\"wordCount\":69,\"publisher\":{\"@id\":\"https:\\\/\\\/www.hartmann-gesellschaft.de\\\/en\\\/#organization\"},\"articleSection\":[\"Press\"],\"inLanguage\":\"en-US\"},{\"@type\":\"WebPage\",\"@id\":\"https:\\\/\\\/www.hartmann-gesellschaft.de\\\/en\\\/karl-amadeus-hartmanns-qgesangsszeneq-auf-tour\\\/\",\"url\":\"https:\\\/\\\/www.hartmann-gesellschaft.de\\\/en\\\/karl-amadeus-hartmanns-qgesangsszeneq-auf-tour\\\/\",\"name\":\"Success for Hartmann's \\\"Gesangsszene\\\" - KARL AMADEUS HARTMANN - CENTER\",\"isPartOf\":{\"@id\":\"https:\\\/\\\/www.hartmann-gesellschaft.de\\\/en\\\/#website\"},\"datePublished\":\"2015-04-28T13:32:45+00:00\",\"dateModified\":\"2020-05-28T11:27:52+00:00\",\"breadcrumb\":{\"@id\":\"https:\\\/\\\/www.hartmann-gesellschaft.de\\\/en\\\/karl-amadeus-hartmanns-qgesangsszeneq-auf-tour\\\/#breadcrumb\"},\"inLanguage\":\"en-US\",\"potentialAction\":[{\"@type\":\"ReadAction\",\"target\":[\"https:\\\/\\\/www.hartmann-gesellschaft.de\\\/en\\\/karl-amadeus-hartmanns-qgesangsszeneq-auf-tour\\\/\"]}]},{\"@type\":\"BreadcrumbList\",\"@id\":\"https:\\\/\\\/www.hartmann-gesellschaft.de\\\/en\\\/karl-amadeus-hartmanns-qgesangsszeneq-auf-tour\\\/#breadcrumb\",\"itemListElement\":[{\"@type\":\"ListItem\",\"position\":1,\"name\":\"Startseite\",\"item\":\"https:\\\/\\\/www.hartmann-gesellschaft.de\\\/en\\\/\"},{\"@type\":\"ListItem\",\"position\":2,\"name\":\"Press\",\"item\":\"https:\\\/\\\/www.hartmann-gesellschaft.de\\\/en\\\/kategorie\\\/press\\\/\"},{\"@type\":\"ListItem\",\"position\":3,\"name\":\"Success for Hartmann&#8217;s &#8220;Gesangsszene&#8221;\"}]},{\"@type\":\"WebSite\",\"@id\":\"https:\\\/\\\/www.hartmann-gesellschaft.de\\\/en\\\/#website\",\"url\":\"https:\\\/\\\/www.hartmann-gesellschaft.de\\\/en\\\/\",\"name\":\"KARL AMADEUS HARTMANN - CENTER\",\"description\":\"K.A.H. Gesellschaft\",\"publisher\":{\"@id\":\"https:\\\/\\\/www.hartmann-gesellschaft.de\\\/en\\\/#organization\"},\"potentialAction\":[{\"@type\":\"SearchAction\",\"target\":{\"@type\":\"EntryPoint\",\"urlTemplate\":\"https:\\\/\\\/www.hartmann-gesellschaft.de\\\/en\\\/?s={search_term_string}\"},\"query-input\":{\"@type\":\"PropertyValueSpecification\",\"valueRequired\":true,\"valueName\":\"search_term_string\"}}],\"inLanguage\":\"en-US\"},{\"@type\":\"Organization\",\"@id\":\"https:\\\/\\\/www.hartmann-gesellschaft.de\\\/en\\\/#organization\",\"name\":\"Karl Amadeus Hartmann Gesellschaft e.V.\",\"url\":\"https:\\\/\\\/www.hartmann-gesellschaft.de\\\/en\\\/\",\"logo\":{\"@type\":\"ImageObject\",\"inLanguage\":\"en-US\",\"@id\":\"https:\\\/\\\/www.hartmann-gesellschaft.de\\\/en\\\/#\\\/schema\\\/logo\\\/image\\\/\",\"url\":\"https:\\\/\\\/www.hartmann-gesellschaft.de\\\/wp-content\\\/uploads\\\/2019\\\/11\\\/social.jpg\",\"contentUrl\":\"https:\\\/\\\/www.hartmann-gesellschaft.de\\\/wp-content\\\/uploads\\\/2019\\\/11\\\/social.jpg\",\"width\":1900,\"height\":1182,\"caption\":\"Karl Amadeus Hartmann Gesellschaft e.V.\"},\"image\":{\"@id\":\"https:\\\/\\\/www.hartmann-gesellschaft.de\\\/en\\\/#\\\/schema\\\/logo\\\/image\\\/\"}},{\"@type\":\"Person\",\"@id\":\"https:\\\/\\\/www.hartmann-gesellschaft.de\\\/en\\\/#\\\/schema\\\/person\\\/e6f8e7cff986bfd6b259d3dc82de53af\",\"name\":\"Tom\",\"image\":{\"@type\":\"ImageObject\",\"inLanguage\":\"en-US\",\"@id\":\"https:\\\/\\\/secure.gravatar.com\\\/avatar\\\/b131ae992bf11c4ec90a6aa7926168efb664707d3add9eb9c7c15b32a11c67c9?s=96&d=mm&r=g\",\"url\":\"https:\\\/\\\/secure.gravatar.com\\\/avatar\\\/b131ae992bf11c4ec90a6aa7926168efb664707d3add9eb9c7c15b32a11c67c9?s=96&d=mm&r=g\",\"contentUrl\":\"https:\\\/\\\/secure.gravatar.com\\\/avatar\\\/b131ae992bf11c4ec90a6aa7926168efb664707d3add9eb9c7c15b32a11c67c9?s=96&d=mm&r=g\",\"caption\":\"Tom\"},\"url\":\"https:\\\/\\\/www.hartmann-gesellschaft.de\\\/en\\\/author\\\/tom\\\/\"}]}<\/script>\n<!-- \/ Yoast SEO plugin. -->","yoast_head_json":{"title":"Success for Hartmann's \"Gesangsszene\" - KARL AMADEUS HARTMANN - CENTER","robots":{"index":"index","follow":"follow","max-snippet":"max-snippet:-1","max-image-preview":"max-image-preview:large","max-video-preview":"max-video-preview:-1"},"canonical":"https:\/\/www.hartmann-gesellschaft.de\/en\/karl-amadeus-hartmanns-qgesangsszeneq-auf-tour\/","og_locale":"en_US","og_type":"article","og_title":"Success for Hartmann's \"Gesangsszene\" - KARL AMADEUS HARTMANN - CENTER","og_description":"In April 2015, Christian Gerhaher and Kirill Petrenko performed Karl Amadeus Hartmann&#8217;s &#8220;Gesangsszene&#8221; with the Bavarian State Orchestra in Munich, Budapest and Vienna. Here is an overview of the echo in the press landscape: S\u00fcddeutsche Zeitung, April 14 S\u00fcddeutsche Zeitung, April 24 Abendzeitung M\u00fcnchen, April 15 Die Presse, Wien, April 21 Kurier (Vienna), April 21 [&hellip;]","og_url":"https:\/\/www.hartmann-gesellschaft.de\/en\/karl-amadeus-hartmanns-qgesangsszeneq-auf-tour\/","og_site_name":"KARL AMADEUS HARTMANN - CENTER","article_published_time":"2015-04-28T13:32:45+00:00","article_modified_time":"2020-05-28T11:27:52+00:00","og_image":[{"width":1200,"height":630,"url":"https:\/\/www.hartmann-gesellschaft.de\/wp-content\/uploads\/2020\/07\/social.jpg","type":"image\/jpeg"}],"author":"Tom","twitter_card":"summary_large_image","twitter_misc":{"Written by":"Tom"},"schema":{"@context":"https:\/\/schema.org","@graph":[{"@type":"Article","@id":"https:\/\/www.hartmann-gesellschaft.de\/en\/karl-amadeus-hartmanns-qgesangsszeneq-auf-tour\/#article","isPartOf":{"@id":"https:\/\/www.hartmann-gesellschaft.de\/en\/karl-amadeus-hartmanns-qgesangsszeneq-auf-tour\/"},"author":{"name":"Tom","@id":"https:\/\/www.hartmann-gesellschaft.de\/en\/#\/schema\/person\/e6f8e7cff986bfd6b259d3dc82de53af"},"headline":"Success for Hartmann&#8217;s &#8220;Gesangsszene&#8221;","datePublished":"2015-04-28T13:32:45+00:00","dateModified":"2020-05-28T11:27:52+00:00","mainEntityOfPage":{"@id":"https:\/\/www.hartmann-gesellschaft.de\/en\/karl-amadeus-hartmanns-qgesangsszeneq-auf-tour\/"},"wordCount":69,"publisher":{"@id":"https:\/\/www.hartmann-gesellschaft.de\/en\/#organization"},"articleSection":["Press"],"inLanguage":"en-US"},{"@type":"WebPage","@id":"https:\/\/www.hartmann-gesellschaft.de\/en\/karl-amadeus-hartmanns-qgesangsszeneq-auf-tour\/","url":"https:\/\/www.hartmann-gesellschaft.de\/en\/karl-amadeus-hartmanns-qgesangsszeneq-auf-tour\/","name":"Success for Hartmann's \"Gesangsszene\" - KARL AMADEUS HARTMANN - CENTER","isPartOf":{"@id":"https:\/\/www.hartmann-gesellschaft.de\/en\/#website"},"datePublished":"2015-04-28T13:32:45+00:00","dateModified":"2020-05-28T11:27:52+00:00","breadcrumb":{"@id":"https:\/\/www.hartmann-gesellschaft.de\/en\/karl-amadeus-hartmanns-qgesangsszeneq-auf-tour\/#breadcrumb"},"inLanguage":"en-US","potentialAction":[{"@type":"ReadAction","target":["https:\/\/www.hartmann-gesellschaft.de\/en\/karl-amadeus-hartmanns-qgesangsszeneq-auf-tour\/"]}]},{"@type":"BreadcrumbList","@id":"https:\/\/www.hartmann-gesellschaft.de\/en\/karl-amadeus-hartmanns-qgesangsszeneq-auf-tour\/#breadcrumb","itemListElement":[{"@type":"ListItem","position":1,"name":"Startseite","item":"https:\/\/www.hartmann-gesellschaft.de\/en\/"},{"@type":"ListItem","position":2,"name":"Press","item":"https:\/\/www.hartmann-gesellschaft.de\/en\/kategorie\/press\/"},{"@type":"ListItem","position":3,"name":"Success for Hartmann&#8217;s &#8220;Gesangsszene&#8221;"}]},{"@type":"WebSite","@id":"https:\/\/www.hartmann-gesellschaft.de\/en\/#website","url":"https:\/\/www.hartmann-gesellschaft.de\/en\/","name":"KARL AMADEUS HARTMANN - CENTER","description":"K.A.H. Gesellschaft","publisher":{"@id":"https:\/\/www.hartmann-gesellschaft.de\/en\/#organization"},"potentialAction":[{"@type":"SearchAction","target":{"@type":"EntryPoint","urlTemplate":"https:\/\/www.hartmann-gesellschaft.de\/en\/?s={search_term_string}"},"query-input":{"@type":"PropertyValueSpecification","valueRequired":true,"valueName":"search_term_string"}}],"inLanguage":"en-US"},{"@type":"Organization","@id":"https:\/\/www.hartmann-gesellschaft.de\/en\/#organization","name":"Karl Amadeus Hartmann Gesellschaft e.V.","url":"https:\/\/www.hartmann-gesellschaft.de\/en\/","logo":{"@type":"ImageObject","inLanguage":"en-US","@id":"https:\/\/www.hartmann-gesellschaft.de\/en\/#\/schema\/logo\/image\/","url":"https:\/\/www.hartmann-gesellschaft.de\/wp-content\/uploads\/2019\/11\/social.jpg","contentUrl":"https:\/\/www.hartmann-gesellschaft.de\/wp-content\/uploads\/2019\/11\/social.jpg","width":1900,"height":1182,"caption":"Karl Amadeus Hartmann Gesellschaft e.V."},"image":{"@id":"https:\/\/www.hartmann-gesellschaft.de\/en\/#\/schema\/logo\/image\/"}},{"@type":"Person","@id":"https:\/\/www.hartmann-gesellschaft.de\/en\/#\/schema\/person\/e6f8e7cff986bfd6b259d3dc82de53af","name":"Tom","image":{"@type":"ImageObject","inLanguage":"en-US","@id":"https:\/\/secure.gravatar.com\/avatar\/b131ae992bf11c4ec90a6aa7926168efb664707d3add9eb9c7c15b32a11c67c9?s=96&d=mm&r=g","url":"https:\/\/secure.gravatar.com\/avatar\/b131ae992bf11c4ec90a6aa7926168efb664707d3add9eb9c7c15b32a11c67c9?s=96&d=mm&r=g","contentUrl":"https:\/\/secure.gravatar.com\/avatar\/b131ae992bf11c4ec90a6aa7926168efb664707d3add9eb9c7c15b32a11c67c9?s=96&d=mm&r=g","caption":"Tom"},"url":"https:\/\/www.hartmann-gesellschaft.de\/en\/author\/tom\/"}]}},"_links":{"self":[{"href":"https:\/\/www.hartmann-gesellschaft.de\/en\/wp-json\/wp\/v2\/posts\/13986","targetHints":{"allow":["GET"]}}],"collection":[{"href":"https:\/\/www.hartmann-gesellschaft.de\/en\/wp-json\/wp\/v2\/posts"}],"about":[{"href":"https:\/\/www.hartmann-gesellschaft.de\/en\/wp-json\/wp\/v2\/types\/post"}],"author":[{"embeddable":true,"href":"https:\/\/www.hartmann-gesellschaft.de\/en\/wp-json\/wp\/v2\/users\/1"}],"replies":[{"embeddable":true,"href":"https:\/\/www.hartmann-gesellschaft.de\/en\/wp-json\/wp\/v2\/comments?post=13986"}],"version-history":[{"count":0,"href":"https:\/\/www.hartmann-gesellschaft.de\/en\/wp-json\/wp\/v2\/posts\/13986\/revisions"}],"wp:attachment":[{"href":"https:\/\/www.hartmann-gesellschaft.de\/en\/wp-json\/wp\/v2\/media?parent=13986"}],"wp:term":[{"taxonomy":"category","embeddable":true,"href":"https:\/\/www.hartmann-gesellschaft.de\/en\/wp-json\/wp\/v2\/categories?post=13986"},{"taxonomy":"post_tag","embeddable":true,"href":"https:\/\/www.hartmann-gesellschaft.de\/en\/wp-json\/wp\/v2\/tags?post=13986"}],"curies":[{"name":"wp","href":"https:\/\/api.w.org\/{rel}","templated":true}]}}