{"id":15252,"date":"2019-06-05T10:41:12","date_gmt":"2019-06-05T10:41:12","guid":{"rendered":"http:\/\/h.hartmann-gesellschaft.de\/listenout2-2019\/"},"modified":"2020-05-25T14:58:39","modified_gmt":"2020-05-25T14:58:39","slug":"listenout2-2019","status":"publish","type":"post","link":"https:\/\/www.hartmann-gesellschaft.de\/en\/listenout2-2019\/","title":{"rendered":"#Listen#Out#2 (2019)"},"content":{"rendered":"<p>Constantly striving to set new impulses in the examination of Karl Amadeus Hartmann&#8217;s \u0153uvre and \u2013 in keeping with his spirit \u2013 to promote young composers, we were able to offer the Karl Amadeus Hartmann Composition Prize for the first time this year. In order to achieve a higher programmatic density, not only instrumental and temporal, but above all content-related conditions were attached to the call for proposals. Thus the composition to be premiered enters into a stringent connection of the greatest possible coherence with the framework of the evening. We are very pleased to introduce you to the new prize winner Jingyu Jang and to premiere the awarded work &#8220;Omega&#8221;.<br \/>\nBesides him, the second composer of the evening \u2013 Jos\u00e9 Mar\u00eda S\u00e1nchez-Verd\u00fa, one of the most renowned composers of our days \u2013 will also be present and enrich our composer&#8217;s discussion. &#8220;Born in the extreme south of Spain (Al-Andaluz), the history, literature, mysticism and music of this territory fascinate me. The Mediterranean (Mare nostrum) as a space of encounters, movements, searches, exchanges, cultures and religions, but also of catastrophes, war and death&#8221; says the composer. The Mediterranean Sea represents for him the connection of the European with the Arab-Moorish world. S\u00e1nchez-Verd\u00fa seeks and finds a correspondence between Arabic poetry, calligraphy and architecture in his own musical aesthetics: ornamentation embedded in strict structure. &#8220;There are very filigree patterns that are developed in a geometric way through a surface, so that they can no longer be traced. You can only see the figure as a whole.&#8221;<br \/>\nAlthough only completed in 1945\/46, Karl Amadeus Hartmann&#8217;s second string quartet still recalls the horrors of the Nazi era and the war. It is no coincidence that the motif of the slow introduction of the first movement is reminiscent of the Jewish Eliyahu hanavi quotation, presented as the instrumental extreme of a lament initially led by the violoncello to the soprano. This form closes with an allusion to the whole tone sequence in Alban Berg&#8217;s violin concerto with the characteristic, latently resonant Bach chorale text &#8220;Es ist genug&#8221; [&#8220;It is enough&#8221;]. But what follows, described by the composer as &#8220;extremely lively and very energetic&#8221;, is the groundbreaking feat of a new beginning!<\/p>\n<p>An event of the \u00a9 Karl Amadeus Hartmann-Gesellschaft e. V., sponsoreed by Bayerische Staatsministerium f\u00fcr Wissenschaft und Kunst, Kulturreferat der Landeshauptstadt M\u00fcnchen, LfA F\u00f6rderbank Bayern and Bezirk Oberbayern.<\/p>\n","protected":false},"excerpt":{"rendered":"<p>Constantly striving to set new impulses in the examination of Karl Amadeus Hartmann&#8217;s \u0153uvre and \u2013 in keeping with his spirit \u2013 to promote young composers, we were able to offer the Karl Amadeus Hartmann Composition Prize for the first time this year. In order to achieve a higher programmatic density, not only instrumental and [&hellip;]<\/p>\n","protected":false},"author":11,"featured_media":14670,"comment_status":"closed","ping_status":"closed","sticky":false,"template":"","format":"standard","meta":{"_acf_changed":false,"footnotes":""},"categories":[1082,1313],"tags":[],"class_list":["post-15252","post","type-post","status-publish","format-standard","has-post-thumbnail","hentry","category-general","category-hartmann21-en"],"acf":[],"yoast_head":"<!-- This site is optimized with the Yoast SEO plugin v27.5 - https:\/\/yoast.com\/product\/yoast-seo-wordpress\/ -->\n<title>#Listen#Out#2 (2019) - KARL AMADEUS HARTMANN - CENTER<\/title>\n<meta name=\"robots\" content=\"index, follow, max-snippet:-1, max-image-preview:large, max-video-preview:-1\" \/>\n<link rel=\"canonical\" href=\"https:\/\/www.hartmann-gesellschaft.de\/en\/listenout2-2019\/\" \/>\n<meta property=\"og:locale\" content=\"en_US\" \/>\n<meta property=\"og:type\" content=\"article\" \/>\n<meta property=\"og:title\" content=\"#Listen#Out#2 (2019) - KARL AMADEUS HARTMANN - CENTER\" \/>\n<meta property=\"og:description\" content=\"Constantly striving to set new impulses in the examination of Karl Amadeus Hartmann&#8217;s \u0153uvre and \u2013 in keeping with his spirit \u2013 to promote young composers, we were able to offer the Karl Amadeus Hartmann Composition Prize for the first time this year. In order to achieve a higher programmatic density, not only instrumental and [&hellip;]\" \/>\n<meta property=\"og:url\" content=\"https:\/\/www.hartmann-gesellschaft.de\/en\/listenout2-2019\/\" \/>\n<meta property=\"og:site_name\" content=\"KARL AMADEUS HARTMANN - CENTER\" \/>\n<meta property=\"article:published_time\" content=\"2019-06-05T10:41:12+00:00\" \/>\n<meta property=\"article:modified_time\" content=\"2020-05-25T14:58:39+00:00\" \/>\n<meta property=\"og:image\" content=\"https:\/\/www.hartmann-gesellschaft.de\/wp-content\/uploads\/2019\/06\/insta_konzert-002.jpeg\" \/>\n\t<meta property=\"og:image:width\" content=\"2048\" \/>\n\t<meta property=\"og:image:height\" content=\"2048\" \/>\n\t<meta property=\"og:image:type\" content=\"image\/jpeg\" \/>\n<meta name=\"author\" content=\"Vinzenz\" \/>\n<meta name=\"twitter:card\" content=\"summary_large_image\" \/>\n<meta name=\"twitter:label1\" content=\"Written by\" \/>\n\t<meta name=\"twitter:data1\" content=\"Vinzenz\" \/>\n\t<meta name=\"twitter:label2\" content=\"Est. reading time\" \/>\n\t<meta name=\"twitter:data2\" content=\"2 minutes\" \/>\n<script type=\"application\/ld+json\" class=\"yoast-schema-graph\">{\"@context\":\"https:\\\/\\\/schema.org\",\"@graph\":[{\"@type\":\"Article\",\"@id\":\"https:\\\/\\\/www.hartmann-gesellschaft.de\\\/en\\\/listenout2-2019\\\/#article\",\"isPartOf\":{\"@id\":\"https:\\\/\\\/www.hartmann-gesellschaft.de\\\/en\\\/listenout2-2019\\\/\"},\"author\":{\"name\":\"Vinzenz\",\"@id\":\"https:\\\/\\\/www.hartmann-gesellschaft.de\\\/en\\\/#\\\/schema\\\/person\\\/9f62054d1ff434caae392781e71682bd\"},\"headline\":\"#Listen#Out#2 (2019)\",\"datePublished\":\"2019-06-05T10:41:12+00:00\",\"dateModified\":\"2020-05-25T14:58:39+00:00\",\"mainEntityOfPage\":{\"@id\":\"https:\\\/\\\/www.hartmann-gesellschaft.de\\\/en\\\/listenout2-2019\\\/\"},\"wordCount\":401,\"publisher\":{\"@id\":\"https:\\\/\\\/www.hartmann-gesellschaft.de\\\/en\\\/#organization\"},\"image\":{\"@id\":\"https:\\\/\\\/www.hartmann-gesellschaft.de\\\/en\\\/listenout2-2019\\\/#primaryimage\"},\"thumbnailUrl\":\"https:\\\/\\\/www.hartmann-gesellschaft.de\\\/wp-content\\\/uploads\\\/2019\\\/06\\\/insta_konzert-002.jpeg\",\"articleSection\":[\"General\",\"hartmann21\"],\"inLanguage\":\"en-US\"},{\"@type\":\"WebPage\",\"@id\":\"https:\\\/\\\/www.hartmann-gesellschaft.de\\\/en\\\/listenout2-2019\\\/\",\"url\":\"https:\\\/\\\/www.hartmann-gesellschaft.de\\\/en\\\/listenout2-2019\\\/\",\"name\":\"#Listen#Out#2 (2019) - KARL AMADEUS HARTMANN - CENTER\",\"isPartOf\":{\"@id\":\"https:\\\/\\\/www.hartmann-gesellschaft.de\\\/en\\\/#website\"},\"primaryImageOfPage\":{\"@id\":\"https:\\\/\\\/www.hartmann-gesellschaft.de\\\/en\\\/listenout2-2019\\\/#primaryimage\"},\"image\":{\"@id\":\"https:\\\/\\\/www.hartmann-gesellschaft.de\\\/en\\\/listenout2-2019\\\/#primaryimage\"},\"thumbnailUrl\":\"https:\\\/\\\/www.hartmann-gesellschaft.de\\\/wp-content\\\/uploads\\\/2019\\\/06\\\/insta_konzert-002.jpeg\",\"datePublished\":\"2019-06-05T10:41:12+00:00\",\"dateModified\":\"2020-05-25T14:58:39+00:00\",\"breadcrumb\":{\"@id\":\"https:\\\/\\\/www.hartmann-gesellschaft.de\\\/en\\\/listenout2-2019\\\/#breadcrumb\"},\"inLanguage\":\"en-US\",\"potentialAction\":[{\"@type\":\"ReadAction\",\"target\":[\"https:\\\/\\\/www.hartmann-gesellschaft.de\\\/en\\\/listenout2-2019\\\/\"]}]},{\"@type\":\"ImageObject\",\"inLanguage\":\"en-US\",\"@id\":\"https:\\\/\\\/www.hartmann-gesellschaft.de\\\/en\\\/listenout2-2019\\\/#primaryimage\",\"url\":\"https:\\\/\\\/www.hartmann-gesellschaft.de\\\/wp-content\\\/uploads\\\/2019\\\/06\\\/insta_konzert-002.jpeg\",\"contentUrl\":\"https:\\\/\\\/www.hartmann-gesellschaft.de\\\/wp-content\\\/uploads\\\/2019\\\/06\\\/insta_konzert-002.jpeg\",\"width\":2048,\"height\":2048},{\"@type\":\"BreadcrumbList\",\"@id\":\"https:\\\/\\\/www.hartmann-gesellschaft.de\\\/en\\\/listenout2-2019\\\/#breadcrumb\",\"itemListElement\":[{\"@type\":\"ListItem\",\"position\":1,\"name\":\"Startseite\",\"item\":\"https:\\\/\\\/www.hartmann-gesellschaft.de\\\/en\\\/\"},{\"@type\":\"ListItem\",\"position\":2,\"name\":\"General\",\"item\":\"https:\\\/\\\/www.hartmann-gesellschaft.de\\\/en\\\/kategorie\\\/general\\\/\"},{\"@type\":\"ListItem\",\"position\":3,\"name\":\"#Listen#Out#2 (2019)\"}]},{\"@type\":\"WebSite\",\"@id\":\"https:\\\/\\\/www.hartmann-gesellschaft.de\\\/en\\\/#website\",\"url\":\"https:\\\/\\\/www.hartmann-gesellschaft.de\\\/en\\\/\",\"name\":\"KARL AMADEUS HARTMANN - CENTER\",\"description\":\"K.A.H. Gesellschaft\",\"publisher\":{\"@id\":\"https:\\\/\\\/www.hartmann-gesellschaft.de\\\/en\\\/#organization\"},\"potentialAction\":[{\"@type\":\"SearchAction\",\"target\":{\"@type\":\"EntryPoint\",\"urlTemplate\":\"https:\\\/\\\/www.hartmann-gesellschaft.de\\\/en\\\/?s={search_term_string}\"},\"query-input\":{\"@type\":\"PropertyValueSpecification\",\"valueRequired\":true,\"valueName\":\"search_term_string\"}}],\"inLanguage\":\"en-US\"},{\"@type\":\"Organization\",\"@id\":\"https:\\\/\\\/www.hartmann-gesellschaft.de\\\/en\\\/#organization\",\"name\":\"Karl Amadeus Hartmann Gesellschaft e.V.\",\"url\":\"https:\\\/\\\/www.hartmann-gesellschaft.de\\\/en\\\/\",\"logo\":{\"@type\":\"ImageObject\",\"inLanguage\":\"en-US\",\"@id\":\"https:\\\/\\\/www.hartmann-gesellschaft.de\\\/en\\\/#\\\/schema\\\/logo\\\/image\\\/\",\"url\":\"https:\\\/\\\/www.hartmann-gesellschaft.de\\\/wp-content\\\/uploads\\\/2019\\\/11\\\/social.jpg\",\"contentUrl\":\"https:\\\/\\\/www.hartmann-gesellschaft.de\\\/wp-content\\\/uploads\\\/2019\\\/11\\\/social.jpg\",\"width\":1900,\"height\":1182,\"caption\":\"Karl Amadeus Hartmann Gesellschaft e.V.\"},\"image\":{\"@id\":\"https:\\\/\\\/www.hartmann-gesellschaft.de\\\/en\\\/#\\\/schema\\\/logo\\\/image\\\/\"}},{\"@type\":\"Person\",\"@id\":\"https:\\\/\\\/www.hartmann-gesellschaft.de\\\/en\\\/#\\\/schema\\\/person\\\/9f62054d1ff434caae392781e71682bd\",\"name\":\"Vinzenz\",\"image\":{\"@type\":\"ImageObject\",\"inLanguage\":\"en-US\",\"@id\":\"https:\\\/\\\/secure.gravatar.com\\\/avatar\\\/b792e0ab2b272a7ac520dc07593eb9e1aab5c3c94d4fc72b019521e254a111bf?s=96&d=mm&r=g\",\"url\":\"https:\\\/\\\/secure.gravatar.com\\\/avatar\\\/b792e0ab2b272a7ac520dc07593eb9e1aab5c3c94d4fc72b019521e254a111bf?s=96&d=mm&r=g\",\"contentUrl\":\"https:\\\/\\\/secure.gravatar.com\\\/avatar\\\/b792e0ab2b272a7ac520dc07593eb9e1aab5c3c94d4fc72b019521e254a111bf?s=96&d=mm&r=g\",\"caption\":\"Vinzenz\"},\"url\":\"https:\\\/\\\/www.hartmann-gesellschaft.de\\\/en\\\/author\\\/vinzenz\\\/\"}]}<\/script>\n<!-- \/ Yoast SEO plugin. -->","yoast_head_json":{"title":"#Listen#Out#2 (2019) - KARL AMADEUS HARTMANN - CENTER","robots":{"index":"index","follow":"follow","max-snippet":"max-snippet:-1","max-image-preview":"max-image-preview:large","max-video-preview":"max-video-preview:-1"},"canonical":"https:\/\/www.hartmann-gesellschaft.de\/en\/listenout2-2019\/","og_locale":"en_US","og_type":"article","og_title":"#Listen#Out#2 (2019) - KARL AMADEUS HARTMANN - CENTER","og_description":"Constantly striving to set new impulses in the examination of Karl Amadeus Hartmann&#8217;s \u0153uvre and \u2013 in keeping with his spirit \u2013 to promote young composers, we were able to offer the Karl Amadeus Hartmann Composition Prize for the first time this year. In order to achieve a higher programmatic density, not only instrumental and [&hellip;]","og_url":"https:\/\/www.hartmann-gesellschaft.de\/en\/listenout2-2019\/","og_site_name":"KARL AMADEUS HARTMANN - CENTER","article_published_time":"2019-06-05T10:41:12+00:00","article_modified_time":"2020-05-25T14:58:39+00:00","og_image":[{"width":2048,"height":2048,"url":"https:\/\/www.hartmann-gesellschaft.de\/wp-content\/uploads\/2019\/06\/insta_konzert-002.jpeg","type":"image\/jpeg"}],"author":"Vinzenz","twitter_card":"summary_large_image","twitter_misc":{"Written by":"Vinzenz","Est. reading time":"2 minutes"},"schema":{"@context":"https:\/\/schema.org","@graph":[{"@type":"Article","@id":"https:\/\/www.hartmann-gesellschaft.de\/en\/listenout2-2019\/#article","isPartOf":{"@id":"https:\/\/www.hartmann-gesellschaft.de\/en\/listenout2-2019\/"},"author":{"name":"Vinzenz","@id":"https:\/\/www.hartmann-gesellschaft.de\/en\/#\/schema\/person\/9f62054d1ff434caae392781e71682bd"},"headline":"#Listen#Out#2 (2019)","datePublished":"2019-06-05T10:41:12+00:00","dateModified":"2020-05-25T14:58:39+00:00","mainEntityOfPage":{"@id":"https:\/\/www.hartmann-gesellschaft.de\/en\/listenout2-2019\/"},"wordCount":401,"publisher":{"@id":"https:\/\/www.hartmann-gesellschaft.de\/en\/#organization"},"image":{"@id":"https:\/\/www.hartmann-gesellschaft.de\/en\/listenout2-2019\/#primaryimage"},"thumbnailUrl":"https:\/\/www.hartmann-gesellschaft.de\/wp-content\/uploads\/2019\/06\/insta_konzert-002.jpeg","articleSection":["General","hartmann21"],"inLanguage":"en-US"},{"@type":"WebPage","@id":"https:\/\/www.hartmann-gesellschaft.de\/en\/listenout2-2019\/","url":"https:\/\/www.hartmann-gesellschaft.de\/en\/listenout2-2019\/","name":"#Listen#Out#2 (2019) - KARL AMADEUS HARTMANN - CENTER","isPartOf":{"@id":"https:\/\/www.hartmann-gesellschaft.de\/en\/#website"},"primaryImageOfPage":{"@id":"https:\/\/www.hartmann-gesellschaft.de\/en\/listenout2-2019\/#primaryimage"},"image":{"@id":"https:\/\/www.hartmann-gesellschaft.de\/en\/listenout2-2019\/#primaryimage"},"thumbnailUrl":"https:\/\/www.hartmann-gesellschaft.de\/wp-content\/uploads\/2019\/06\/insta_konzert-002.jpeg","datePublished":"2019-06-05T10:41:12+00:00","dateModified":"2020-05-25T14:58:39+00:00","breadcrumb":{"@id":"https:\/\/www.hartmann-gesellschaft.de\/en\/listenout2-2019\/#breadcrumb"},"inLanguage":"en-US","potentialAction":[{"@type":"ReadAction","target":["https:\/\/www.hartmann-gesellschaft.de\/en\/listenout2-2019\/"]}]},{"@type":"ImageObject","inLanguage":"en-US","@id":"https:\/\/www.hartmann-gesellschaft.de\/en\/listenout2-2019\/#primaryimage","url":"https:\/\/www.hartmann-gesellschaft.de\/wp-content\/uploads\/2019\/06\/insta_konzert-002.jpeg","contentUrl":"https:\/\/www.hartmann-gesellschaft.de\/wp-content\/uploads\/2019\/06\/insta_konzert-002.jpeg","width":2048,"height":2048},{"@type":"BreadcrumbList","@id":"https:\/\/www.hartmann-gesellschaft.de\/en\/listenout2-2019\/#breadcrumb","itemListElement":[{"@type":"ListItem","position":1,"name":"Startseite","item":"https:\/\/www.hartmann-gesellschaft.de\/en\/"},{"@type":"ListItem","position":2,"name":"General","item":"https:\/\/www.hartmann-gesellschaft.de\/en\/kategorie\/general\/"},{"@type":"ListItem","position":3,"name":"#Listen#Out#2 (2019)"}]},{"@type":"WebSite","@id":"https:\/\/www.hartmann-gesellschaft.de\/en\/#website","url":"https:\/\/www.hartmann-gesellschaft.de\/en\/","name":"KARL AMADEUS HARTMANN - CENTER","description":"K.A.H. Gesellschaft","publisher":{"@id":"https:\/\/www.hartmann-gesellschaft.de\/en\/#organization"},"potentialAction":[{"@type":"SearchAction","target":{"@type":"EntryPoint","urlTemplate":"https:\/\/www.hartmann-gesellschaft.de\/en\/?s={search_term_string}"},"query-input":{"@type":"PropertyValueSpecification","valueRequired":true,"valueName":"search_term_string"}}],"inLanguage":"en-US"},{"@type":"Organization","@id":"https:\/\/www.hartmann-gesellschaft.de\/en\/#organization","name":"Karl Amadeus Hartmann Gesellschaft e.V.","url":"https:\/\/www.hartmann-gesellschaft.de\/en\/","logo":{"@type":"ImageObject","inLanguage":"en-US","@id":"https:\/\/www.hartmann-gesellschaft.de\/en\/#\/schema\/logo\/image\/","url":"https:\/\/www.hartmann-gesellschaft.de\/wp-content\/uploads\/2019\/11\/social.jpg","contentUrl":"https:\/\/www.hartmann-gesellschaft.de\/wp-content\/uploads\/2019\/11\/social.jpg","width":1900,"height":1182,"caption":"Karl Amadeus Hartmann Gesellschaft e.V."},"image":{"@id":"https:\/\/www.hartmann-gesellschaft.de\/en\/#\/schema\/logo\/image\/"}},{"@type":"Person","@id":"https:\/\/www.hartmann-gesellschaft.de\/en\/#\/schema\/person\/9f62054d1ff434caae392781e71682bd","name":"Vinzenz","image":{"@type":"ImageObject","inLanguage":"en-US","@id":"https:\/\/secure.gravatar.com\/avatar\/b792e0ab2b272a7ac520dc07593eb9e1aab5c3c94d4fc72b019521e254a111bf?s=96&d=mm&r=g","url":"https:\/\/secure.gravatar.com\/avatar\/b792e0ab2b272a7ac520dc07593eb9e1aab5c3c94d4fc72b019521e254a111bf?s=96&d=mm&r=g","contentUrl":"https:\/\/secure.gravatar.com\/avatar\/b792e0ab2b272a7ac520dc07593eb9e1aab5c3c94d4fc72b019521e254a111bf?s=96&d=mm&r=g","caption":"Vinzenz"},"url":"https:\/\/www.hartmann-gesellschaft.de\/en\/author\/vinzenz\/"}]}},"_links":{"self":[{"href":"https:\/\/www.hartmann-gesellschaft.de\/en\/wp-json\/wp\/v2\/posts\/15252","targetHints":{"allow":["GET"]}}],"collection":[{"href":"https:\/\/www.hartmann-gesellschaft.de\/en\/wp-json\/wp\/v2\/posts"}],"about":[{"href":"https:\/\/www.hartmann-gesellschaft.de\/en\/wp-json\/wp\/v2\/types\/post"}],"author":[{"embeddable":true,"href":"https:\/\/www.hartmann-gesellschaft.de\/en\/wp-json\/wp\/v2\/users\/11"}],"replies":[{"embeddable":true,"href":"https:\/\/www.hartmann-gesellschaft.de\/en\/wp-json\/wp\/v2\/comments?post=15252"}],"version-history":[{"count":0,"href":"https:\/\/www.hartmann-gesellschaft.de\/en\/wp-json\/wp\/v2\/posts\/15252\/revisions"}],"wp:featuredmedia":[{"embeddable":true,"href":"https:\/\/www.hartmann-gesellschaft.de\/en\/wp-json\/wp\/v2\/media\/14670"}],"wp:attachment":[{"href":"https:\/\/www.hartmann-gesellschaft.de\/en\/wp-json\/wp\/v2\/media?parent=15252"}],"wp:term":[{"taxonomy":"category","embeddable":true,"href":"https:\/\/www.hartmann-gesellschaft.de\/en\/wp-json\/wp\/v2\/categories?post=15252"},{"taxonomy":"post_tag","embeddable":true,"href":"https:\/\/www.hartmann-gesellschaft.de\/en\/wp-json\/wp\/v2\/tags?post=15252"}],"curies":[{"name":"wp","href":"https:\/\/api.w.org\/{rel}","templated":true}]}}