{"id":15255,"date":"2019-03-27T10:09:37","date_gmt":"2019-03-27T10:09:37","guid":{"rendered":"http:\/\/h.hartmann-gesellschaft.de\/listenout1-2019\/"},"modified":"2020-05-25T15:23:46","modified_gmt":"2020-05-25T15:23:46","slug":"listenout1-2019","status":"publish","type":"post","link":"https:\/\/www.hartmann-gesellschaft.de\/en\/listenout1-2019\/","title":{"rendered":"#Listen#Out#1 (2019)"},"content":{"rendered":"<p>In 1955 Karl Amadeus Hartmann wrote to the young Luigi Nono in his compositional album:<br \/>\n\u201eDein St\u00fcck soll virtuos, effektvoll, k\u00fchn, avantgardistisch, heutig, seherisch sein.\u201c [&#8220;Your piede should be virtuosic, effective, bold, avant-garde, contemporary, visionary.&#8221;] In the most beautiful way, our first concert of this year should make it clear that this not-so-silent demand (and also challenge) \u2013 which consciously frees itself from any musical style, focuses on content and unmistakably inspires a substantial opening \u2013 is timelessly valid. On the one hand, we can look forward to two works by the composers Philipp Mayer (*1995) and Hans-Henning Ginzel (*1988), which have been newly commissioned by us hot off the press. <\/p>\n<p>On the other hand, Gloria Coates&#8217; (*1938) &#8220;Night Music&#8221; and &#8220;Sonata for Piano No. 2&#8221;, as well as Georges Aperghis&#8217; (*1945) &#8220;Rasch&#8221; invite us on a renewed journey of discovery through the rich \u0153uvre of these two capital composers. Gloria Coates, who celebrated her 80th birthday last year, achieved an international breakthrough with the premiere of her &#8220;Music on Open Strings&#8221; (Symphony No. 1) at Warsaw Autumn 1978. It should become the most discussed work of the festival. In a music world dominated by men for a long time, she made her debut two years later with exactly this piece \u2013 as the first female composer with an orchestral work \u2013 in the musica viva concert series founded by Hartmann. Just how much Gloria Coates assimilates Hartmann&#8217;s demand is also revealed by her contribution to Renate Ulm&#8217;s (ed.) book &#8220;Eine Sprache der Gegenwart &#8211; musica viva 1945-1995&#8221;, in which she not only explicitly refers to Hartmann&#8217;s much discussed essay &#8220;Warum ist Neue Musik so schwer zu h\u00f6ren?&#8221; [Why is New Music so difficult to listen to?&#8221;] (1957), but also continues it \u2013 \u201ereflektiert und in die Zukunft gedacht\u201c [&#8220;reflectively and with thought into the future&#8221; \u2013 in her own way.<\/p>\n<p>The ensemble hartmann21 takes you into new worlds this time as well: By combining works for solo, duo and trio instrumentation, you may expect the most diverse tonal values through saxophone, viola, piano and gongs. The concert concludes with a discussion with Gloria Coates and the two composers of the works to be premiered: Philipp Mayer and Hans-Henning Ginzel.<\/p>\n<p>An event of the \u00a9 Karl Amadeus Hartmann-Gesellschaft e. V., sponsored by Bayerisches Staatsministerium f\u00fcr Wissenschaft und Kunst, Kulturreferat der Landeshauptstadt M\u00fcnchen, LfA F\u00f6rderbank Bayern and Bezirk Oberbayern.<\/p>\n","protected":false},"excerpt":{"rendered":"<p>In 1955 Karl Amadeus Hartmann wrote to the young Luigi Nono in his compositional album: \u201eDein St\u00fcck soll virtuos, effektvoll, k\u00fchn, avantgardistisch, heutig, seherisch sein.\u201c [&#8220;Your piede should be virtuosic, effective, bold, avant-garde, contemporary, visionary.&#8221;] In the most beautiful way, our first concert of this year should make it clear that this not-so-silent demand (and [&hellip;]<\/p>\n","protected":false},"author":11,"featured_media":14668,"comment_status":"closed","ping_status":"closed","sticky":false,"template":"","format":"standard","meta":{"_acf_changed":false,"footnotes":""},"categories":[1082,1313],"tags":[],"class_list":["post-15255","post","type-post","status-publish","format-standard","has-post-thumbnail","hentry","category-general","category-hartmann21-en"],"acf":[],"yoast_head":"<!-- This site is optimized with the Yoast SEO plugin v27.5 - https:\/\/yoast.com\/product\/yoast-seo-wordpress\/ -->\n<title>#Listen#Out#1 (2019) - KARL AMADEUS HARTMANN - CENTER<\/title>\n<meta name=\"robots\" content=\"index, follow, max-snippet:-1, max-image-preview:large, max-video-preview:-1\" \/>\n<link rel=\"canonical\" href=\"https:\/\/www.hartmann-gesellschaft.de\/en\/listenout1-2019\/\" \/>\n<meta property=\"og:locale\" content=\"en_US\" \/>\n<meta property=\"og:type\" content=\"article\" \/>\n<meta property=\"og:title\" content=\"#Listen#Out#1 (2019) - KARL AMADEUS HARTMANN - CENTER\" \/>\n<meta property=\"og:description\" content=\"In 1955 Karl Amadeus Hartmann wrote to the young Luigi Nono in his compositional album: \u201eDein St\u00fcck soll virtuos, effektvoll, k\u00fchn, avantgardistisch, heutig, seherisch sein.\u201c [&#8220;Your piede should be virtuosic, effective, bold, avant-garde, contemporary, visionary.&#8221;] In the most beautiful way, our first concert of this year should make it clear that this not-so-silent demand (and [&hellip;]\" \/>\n<meta property=\"og:url\" content=\"https:\/\/www.hartmann-gesellschaft.de\/en\/listenout1-2019\/\" \/>\n<meta property=\"og:site_name\" content=\"KARL AMADEUS HARTMANN - CENTER\" \/>\n<meta property=\"article:published_time\" content=\"2019-03-27T10:09:37+00:00\" \/>\n<meta property=\"article:modified_time\" content=\"2020-05-25T15:23:46+00:00\" \/>\n<meta property=\"og:image\" content=\"https:\/\/www.hartmann-gesellschaft.de\/wp-content\/uploads\/2019\/06\/insta_konzert-001.jpeg\" \/>\n\t<meta property=\"og:image:width\" content=\"2048\" \/>\n\t<meta property=\"og:image:height\" content=\"2048\" \/>\n\t<meta property=\"og:image:type\" content=\"image\/jpeg\" \/>\n<meta name=\"author\" content=\"Vinzenz\" \/>\n<meta name=\"twitter:card\" content=\"summary_large_image\" \/>\n<meta name=\"twitter:label1\" content=\"Written by\" \/>\n\t<meta name=\"twitter:data1\" content=\"Vinzenz\" \/>\n\t<meta name=\"twitter:label2\" content=\"Est. reading time\" \/>\n\t<meta name=\"twitter:data2\" content=\"2 minutes\" \/>\n<script type=\"application\/ld+json\" class=\"yoast-schema-graph\">{\"@context\":\"https:\\\/\\\/schema.org\",\"@graph\":[{\"@type\":\"Article\",\"@id\":\"https:\\\/\\\/www.hartmann-gesellschaft.de\\\/en\\\/listenout1-2019\\\/#article\",\"isPartOf\":{\"@id\":\"https:\\\/\\\/www.hartmann-gesellschaft.de\\\/en\\\/listenout1-2019\\\/\"},\"author\":{\"name\":\"Vinzenz\",\"@id\":\"https:\\\/\\\/www.hartmann-gesellschaft.de\\\/en\\\/#\\\/schema\\\/person\\\/9f62054d1ff434caae392781e71682bd\"},\"headline\":\"#Listen#Out#1 (2019)\",\"datePublished\":\"2019-03-27T10:09:37+00:00\",\"dateModified\":\"2020-05-25T15:23:46+00:00\",\"mainEntityOfPage\":{\"@id\":\"https:\\\/\\\/www.hartmann-gesellschaft.de\\\/en\\\/listenout1-2019\\\/\"},\"wordCount\":393,\"publisher\":{\"@id\":\"https:\\\/\\\/www.hartmann-gesellschaft.de\\\/en\\\/#organization\"},\"image\":{\"@id\":\"https:\\\/\\\/www.hartmann-gesellschaft.de\\\/en\\\/listenout1-2019\\\/#primaryimage\"},\"thumbnailUrl\":\"https:\\\/\\\/www.hartmann-gesellschaft.de\\\/wp-content\\\/uploads\\\/2019\\\/06\\\/insta_konzert-001.jpeg\",\"articleSection\":[\"General\",\"hartmann21\"],\"inLanguage\":\"en-US\"},{\"@type\":\"WebPage\",\"@id\":\"https:\\\/\\\/www.hartmann-gesellschaft.de\\\/en\\\/listenout1-2019\\\/\",\"url\":\"https:\\\/\\\/www.hartmann-gesellschaft.de\\\/en\\\/listenout1-2019\\\/\",\"name\":\"#Listen#Out#1 (2019) - KARL AMADEUS HARTMANN - CENTER\",\"isPartOf\":{\"@id\":\"https:\\\/\\\/www.hartmann-gesellschaft.de\\\/en\\\/#website\"},\"primaryImageOfPage\":{\"@id\":\"https:\\\/\\\/www.hartmann-gesellschaft.de\\\/en\\\/listenout1-2019\\\/#primaryimage\"},\"image\":{\"@id\":\"https:\\\/\\\/www.hartmann-gesellschaft.de\\\/en\\\/listenout1-2019\\\/#primaryimage\"},\"thumbnailUrl\":\"https:\\\/\\\/www.hartmann-gesellschaft.de\\\/wp-content\\\/uploads\\\/2019\\\/06\\\/insta_konzert-001.jpeg\",\"datePublished\":\"2019-03-27T10:09:37+00:00\",\"dateModified\":\"2020-05-25T15:23:46+00:00\",\"breadcrumb\":{\"@id\":\"https:\\\/\\\/www.hartmann-gesellschaft.de\\\/en\\\/listenout1-2019\\\/#breadcrumb\"},\"inLanguage\":\"en-US\",\"potentialAction\":[{\"@type\":\"ReadAction\",\"target\":[\"https:\\\/\\\/www.hartmann-gesellschaft.de\\\/en\\\/listenout1-2019\\\/\"]}]},{\"@type\":\"ImageObject\",\"inLanguage\":\"en-US\",\"@id\":\"https:\\\/\\\/www.hartmann-gesellschaft.de\\\/en\\\/listenout1-2019\\\/#primaryimage\",\"url\":\"https:\\\/\\\/www.hartmann-gesellschaft.de\\\/wp-content\\\/uploads\\\/2019\\\/06\\\/insta_konzert-001.jpeg\",\"contentUrl\":\"https:\\\/\\\/www.hartmann-gesellschaft.de\\\/wp-content\\\/uploads\\\/2019\\\/06\\\/insta_konzert-001.jpeg\",\"width\":2048,\"height\":2048},{\"@type\":\"BreadcrumbList\",\"@id\":\"https:\\\/\\\/www.hartmann-gesellschaft.de\\\/en\\\/listenout1-2019\\\/#breadcrumb\",\"itemListElement\":[{\"@type\":\"ListItem\",\"position\":1,\"name\":\"Startseite\",\"item\":\"https:\\\/\\\/www.hartmann-gesellschaft.de\\\/en\\\/\"},{\"@type\":\"ListItem\",\"position\":2,\"name\":\"General\",\"item\":\"https:\\\/\\\/www.hartmann-gesellschaft.de\\\/en\\\/kategorie\\\/general\\\/\"},{\"@type\":\"ListItem\",\"position\":3,\"name\":\"#Listen#Out#1 (2019)\"}]},{\"@type\":\"WebSite\",\"@id\":\"https:\\\/\\\/www.hartmann-gesellschaft.de\\\/en\\\/#website\",\"url\":\"https:\\\/\\\/www.hartmann-gesellschaft.de\\\/en\\\/\",\"name\":\"KARL AMADEUS HARTMANN - CENTER\",\"description\":\"K.A.H. Gesellschaft\",\"publisher\":{\"@id\":\"https:\\\/\\\/www.hartmann-gesellschaft.de\\\/en\\\/#organization\"},\"potentialAction\":[{\"@type\":\"SearchAction\",\"target\":{\"@type\":\"EntryPoint\",\"urlTemplate\":\"https:\\\/\\\/www.hartmann-gesellschaft.de\\\/en\\\/?s={search_term_string}\"},\"query-input\":{\"@type\":\"PropertyValueSpecification\",\"valueRequired\":true,\"valueName\":\"search_term_string\"}}],\"inLanguage\":\"en-US\"},{\"@type\":\"Organization\",\"@id\":\"https:\\\/\\\/www.hartmann-gesellschaft.de\\\/en\\\/#organization\",\"name\":\"Karl Amadeus Hartmann Gesellschaft e.V.\",\"url\":\"https:\\\/\\\/www.hartmann-gesellschaft.de\\\/en\\\/\",\"logo\":{\"@type\":\"ImageObject\",\"inLanguage\":\"en-US\",\"@id\":\"https:\\\/\\\/www.hartmann-gesellschaft.de\\\/en\\\/#\\\/schema\\\/logo\\\/image\\\/\",\"url\":\"https:\\\/\\\/www.hartmann-gesellschaft.de\\\/wp-content\\\/uploads\\\/2019\\\/11\\\/social.jpg\",\"contentUrl\":\"https:\\\/\\\/www.hartmann-gesellschaft.de\\\/wp-content\\\/uploads\\\/2019\\\/11\\\/social.jpg\",\"width\":1900,\"height\":1182,\"caption\":\"Karl Amadeus Hartmann Gesellschaft e.V.\"},\"image\":{\"@id\":\"https:\\\/\\\/www.hartmann-gesellschaft.de\\\/en\\\/#\\\/schema\\\/logo\\\/image\\\/\"}},{\"@type\":\"Person\",\"@id\":\"https:\\\/\\\/www.hartmann-gesellschaft.de\\\/en\\\/#\\\/schema\\\/person\\\/9f62054d1ff434caae392781e71682bd\",\"name\":\"Vinzenz\",\"image\":{\"@type\":\"ImageObject\",\"inLanguage\":\"en-US\",\"@id\":\"https:\\\/\\\/secure.gravatar.com\\\/avatar\\\/b792e0ab2b272a7ac520dc07593eb9e1aab5c3c94d4fc72b019521e254a111bf?s=96&d=mm&r=g\",\"url\":\"https:\\\/\\\/secure.gravatar.com\\\/avatar\\\/b792e0ab2b272a7ac520dc07593eb9e1aab5c3c94d4fc72b019521e254a111bf?s=96&d=mm&r=g\",\"contentUrl\":\"https:\\\/\\\/secure.gravatar.com\\\/avatar\\\/b792e0ab2b272a7ac520dc07593eb9e1aab5c3c94d4fc72b019521e254a111bf?s=96&d=mm&r=g\",\"caption\":\"Vinzenz\"},\"url\":\"https:\\\/\\\/www.hartmann-gesellschaft.de\\\/en\\\/author\\\/vinzenz\\\/\"}]}<\/script>\n<!-- \/ Yoast SEO plugin. -->","yoast_head_json":{"title":"#Listen#Out#1 (2019) - KARL AMADEUS HARTMANN - CENTER","robots":{"index":"index","follow":"follow","max-snippet":"max-snippet:-1","max-image-preview":"max-image-preview:large","max-video-preview":"max-video-preview:-1"},"canonical":"https:\/\/www.hartmann-gesellschaft.de\/en\/listenout1-2019\/","og_locale":"en_US","og_type":"article","og_title":"#Listen#Out#1 (2019) - KARL AMADEUS HARTMANN - CENTER","og_description":"In 1955 Karl Amadeus Hartmann wrote to the young Luigi Nono in his compositional album: \u201eDein St\u00fcck soll virtuos, effektvoll, k\u00fchn, avantgardistisch, heutig, seherisch sein.\u201c [&#8220;Your piede should be virtuosic, effective, bold, avant-garde, contemporary, visionary.&#8221;] In the most beautiful way, our first concert of this year should make it clear that this not-so-silent demand (and [&hellip;]","og_url":"https:\/\/www.hartmann-gesellschaft.de\/en\/listenout1-2019\/","og_site_name":"KARL AMADEUS HARTMANN - CENTER","article_published_time":"2019-03-27T10:09:37+00:00","article_modified_time":"2020-05-25T15:23:46+00:00","og_image":[{"width":2048,"height":2048,"url":"https:\/\/www.hartmann-gesellschaft.de\/wp-content\/uploads\/2019\/06\/insta_konzert-001.jpeg","type":"image\/jpeg"}],"author":"Vinzenz","twitter_card":"summary_large_image","twitter_misc":{"Written by":"Vinzenz","Est. reading time":"2 minutes"},"schema":{"@context":"https:\/\/schema.org","@graph":[{"@type":"Article","@id":"https:\/\/www.hartmann-gesellschaft.de\/en\/listenout1-2019\/#article","isPartOf":{"@id":"https:\/\/www.hartmann-gesellschaft.de\/en\/listenout1-2019\/"},"author":{"name":"Vinzenz","@id":"https:\/\/www.hartmann-gesellschaft.de\/en\/#\/schema\/person\/9f62054d1ff434caae392781e71682bd"},"headline":"#Listen#Out#1 (2019)","datePublished":"2019-03-27T10:09:37+00:00","dateModified":"2020-05-25T15:23:46+00:00","mainEntityOfPage":{"@id":"https:\/\/www.hartmann-gesellschaft.de\/en\/listenout1-2019\/"},"wordCount":393,"publisher":{"@id":"https:\/\/www.hartmann-gesellschaft.de\/en\/#organization"},"image":{"@id":"https:\/\/www.hartmann-gesellschaft.de\/en\/listenout1-2019\/#primaryimage"},"thumbnailUrl":"https:\/\/www.hartmann-gesellschaft.de\/wp-content\/uploads\/2019\/06\/insta_konzert-001.jpeg","articleSection":["General","hartmann21"],"inLanguage":"en-US"},{"@type":"WebPage","@id":"https:\/\/www.hartmann-gesellschaft.de\/en\/listenout1-2019\/","url":"https:\/\/www.hartmann-gesellschaft.de\/en\/listenout1-2019\/","name":"#Listen#Out#1 (2019) - KARL AMADEUS HARTMANN - CENTER","isPartOf":{"@id":"https:\/\/www.hartmann-gesellschaft.de\/en\/#website"},"primaryImageOfPage":{"@id":"https:\/\/www.hartmann-gesellschaft.de\/en\/listenout1-2019\/#primaryimage"},"image":{"@id":"https:\/\/www.hartmann-gesellschaft.de\/en\/listenout1-2019\/#primaryimage"},"thumbnailUrl":"https:\/\/www.hartmann-gesellschaft.de\/wp-content\/uploads\/2019\/06\/insta_konzert-001.jpeg","datePublished":"2019-03-27T10:09:37+00:00","dateModified":"2020-05-25T15:23:46+00:00","breadcrumb":{"@id":"https:\/\/www.hartmann-gesellschaft.de\/en\/listenout1-2019\/#breadcrumb"},"inLanguage":"en-US","potentialAction":[{"@type":"ReadAction","target":["https:\/\/www.hartmann-gesellschaft.de\/en\/listenout1-2019\/"]}]},{"@type":"ImageObject","inLanguage":"en-US","@id":"https:\/\/www.hartmann-gesellschaft.de\/en\/listenout1-2019\/#primaryimage","url":"https:\/\/www.hartmann-gesellschaft.de\/wp-content\/uploads\/2019\/06\/insta_konzert-001.jpeg","contentUrl":"https:\/\/www.hartmann-gesellschaft.de\/wp-content\/uploads\/2019\/06\/insta_konzert-001.jpeg","width":2048,"height":2048},{"@type":"BreadcrumbList","@id":"https:\/\/www.hartmann-gesellschaft.de\/en\/listenout1-2019\/#breadcrumb","itemListElement":[{"@type":"ListItem","position":1,"name":"Startseite","item":"https:\/\/www.hartmann-gesellschaft.de\/en\/"},{"@type":"ListItem","position":2,"name":"General","item":"https:\/\/www.hartmann-gesellschaft.de\/en\/kategorie\/general\/"},{"@type":"ListItem","position":3,"name":"#Listen#Out#1 (2019)"}]},{"@type":"WebSite","@id":"https:\/\/www.hartmann-gesellschaft.de\/en\/#website","url":"https:\/\/www.hartmann-gesellschaft.de\/en\/","name":"KARL AMADEUS HARTMANN - CENTER","description":"K.A.H. Gesellschaft","publisher":{"@id":"https:\/\/www.hartmann-gesellschaft.de\/en\/#organization"},"potentialAction":[{"@type":"SearchAction","target":{"@type":"EntryPoint","urlTemplate":"https:\/\/www.hartmann-gesellschaft.de\/en\/?s={search_term_string}"},"query-input":{"@type":"PropertyValueSpecification","valueRequired":true,"valueName":"search_term_string"}}],"inLanguage":"en-US"},{"@type":"Organization","@id":"https:\/\/www.hartmann-gesellschaft.de\/en\/#organization","name":"Karl Amadeus Hartmann Gesellschaft e.V.","url":"https:\/\/www.hartmann-gesellschaft.de\/en\/","logo":{"@type":"ImageObject","inLanguage":"en-US","@id":"https:\/\/www.hartmann-gesellschaft.de\/en\/#\/schema\/logo\/image\/","url":"https:\/\/www.hartmann-gesellschaft.de\/wp-content\/uploads\/2019\/11\/social.jpg","contentUrl":"https:\/\/www.hartmann-gesellschaft.de\/wp-content\/uploads\/2019\/11\/social.jpg","width":1900,"height":1182,"caption":"Karl Amadeus Hartmann Gesellschaft e.V."},"image":{"@id":"https:\/\/www.hartmann-gesellschaft.de\/en\/#\/schema\/logo\/image\/"}},{"@type":"Person","@id":"https:\/\/www.hartmann-gesellschaft.de\/en\/#\/schema\/person\/9f62054d1ff434caae392781e71682bd","name":"Vinzenz","image":{"@type":"ImageObject","inLanguage":"en-US","@id":"https:\/\/secure.gravatar.com\/avatar\/b792e0ab2b272a7ac520dc07593eb9e1aab5c3c94d4fc72b019521e254a111bf?s=96&d=mm&r=g","url":"https:\/\/secure.gravatar.com\/avatar\/b792e0ab2b272a7ac520dc07593eb9e1aab5c3c94d4fc72b019521e254a111bf?s=96&d=mm&r=g","contentUrl":"https:\/\/secure.gravatar.com\/avatar\/b792e0ab2b272a7ac520dc07593eb9e1aab5c3c94d4fc72b019521e254a111bf?s=96&d=mm&r=g","caption":"Vinzenz"},"url":"https:\/\/www.hartmann-gesellschaft.de\/en\/author\/vinzenz\/"}]}},"_links":{"self":[{"href":"https:\/\/www.hartmann-gesellschaft.de\/en\/wp-json\/wp\/v2\/posts\/15255","targetHints":{"allow":["GET"]}}],"collection":[{"href":"https:\/\/www.hartmann-gesellschaft.de\/en\/wp-json\/wp\/v2\/posts"}],"about":[{"href":"https:\/\/www.hartmann-gesellschaft.de\/en\/wp-json\/wp\/v2\/types\/post"}],"author":[{"embeddable":true,"href":"https:\/\/www.hartmann-gesellschaft.de\/en\/wp-json\/wp\/v2\/users\/11"}],"replies":[{"embeddable":true,"href":"https:\/\/www.hartmann-gesellschaft.de\/en\/wp-json\/wp\/v2\/comments?post=15255"}],"version-history":[{"count":0,"href":"https:\/\/www.hartmann-gesellschaft.de\/en\/wp-json\/wp\/v2\/posts\/15255\/revisions"}],"wp:featuredmedia":[{"embeddable":true,"href":"https:\/\/www.hartmann-gesellschaft.de\/en\/wp-json\/wp\/v2\/media\/14668"}],"wp:attachment":[{"href":"https:\/\/www.hartmann-gesellschaft.de\/en\/wp-json\/wp\/v2\/media?parent=15255"}],"wp:term":[{"taxonomy":"category","embeddable":true,"href":"https:\/\/www.hartmann-gesellschaft.de\/en\/wp-json\/wp\/v2\/categories?post=15255"},{"taxonomy":"post_tag","embeddable":true,"href":"https:\/\/www.hartmann-gesellschaft.de\/en\/wp-json\/wp\/v2\/tags?post=15255"}],"curies":[{"name":"wp","href":"https:\/\/api.w.org\/{rel}","templated":true}]}}