{"id":15261,"date":"2018-10-16T09:46:35","date_gmt":"2018-10-16T09:46:35","guid":{"rendered":"http:\/\/h.hartmann-gesellschaft.de\/listenout3-2018\/"},"modified":"2018-10-16T09:46:35","modified_gmt":"2018-10-16T09:46:35","slug":"listenout3-2018","status":"publish","type":"post","link":"https:\/\/www.hartmann-gesellschaft.de\/en\/listenout3-2018\/","title":{"rendered":"#Listen#Out#3 (2018)"},"content":{"rendered":"<p>Composed immediately after the National Socialists seized power in 1933, Karl Amadeus Hartmann&#8217;s first String quartet stands exemplarily for the canon of compositions with which he composed against National Socialism. At the age of 28, he rigorously refused any form of appropriation and went into internal emigration in Germany. He smuggled his works abroad, however, in order to speak there all the more eloquently. By constantly including Jewish melodies (especially the Passover song Eliyahu hanavi) as well as music and text quotations of ostracized and forbidden artists, Hartmann tried to convey his message of boundless humanity in all his compositions.<br \/>\nFurthermore, our ensemble hartmann21 is dedicated to compositions by the young Dresden composer Jadwiga Frej (UA) and the renowned composer Mark Andre. Twenty-one years old Jadwiga Frej, who was born in Poland and grew up and lives in Dresden, must already be counted among the most exciting voices of her generation. The composer Mark Andre, born in Paris in 1964, creates existential spaces of experience in his music, which are characterized by subtle processes of change. The Hamburger Abendblatt called his chamber music, which is as fine as it is concentrated, \u201eKartenh\u00e4user des Klangs, die kein Wind umzublasen vermag\u201c [&#8220;houses of cards of sound that no wind can blow around&#8221;]. &#8230;zu&#8230;, whose title refers to the Revelation of John from Patmos (22,5), ist joined by Andre&#8217;s iv8. &#8220;iv&#8221; is the abbreviation for i(ntro)v(ertiertheit). It is about inner compositional spaces that are developed by focusing on fluctuating and fragile sound form.<br \/>\nWhere are the limits of perception, of notation, of sound experience? We would like to explore these questions together with the composers Jadwiga Frej and Mark Andre.<\/p>\n<p>An event of the \u00a9 Karl Amadeus Hartmann-Gesellschaft e. V., sponsored by Bayerische Staatsministerium f\u00fcr Wissenschaft und Kunst, Kulturreferat der Landeshauptstadt M\u00fcnchen, LfA F\u00f6rderbank Bayern and Bezirk Oberbayern.<\/p>\n","protected":false},"excerpt":{"rendered":"<p>Composed immediately after the National Socialists seized power in 1933, Karl Amadeus Hartmann&#8217;s first String quartet stands exemplarily for the canon of compositions with which he composed against National Socialism. At the age of 28, he rigorously refused any form of appropriation and went into internal emigration in Germany. He smuggled his works abroad, however, [&hellip;]<\/p>\n","protected":false},"author":11,"featured_media":14675,"comment_status":"closed","ping_status":"closed","sticky":false,"template":"","format":"standard","meta":{"_acf_changed":false,"footnotes":""},"categories":[1082,1313],"tags":[],"class_list":["post-15261","post","type-post","status-publish","format-standard","has-post-thumbnail","hentry","category-general","category-hartmann21-en"],"acf":[],"yoast_head":"<!-- This site is optimized with the Yoast SEO plugin v27.5 - https:\/\/yoast.com\/product\/yoast-seo-wordpress\/ -->\n<title>#Listen#Out#3 (2018) - KARL AMADEUS HARTMANN - CENTER<\/title>\n<meta name=\"robots\" content=\"index, follow, max-snippet:-1, max-image-preview:large, max-video-preview:-1\" \/>\n<link rel=\"canonical\" href=\"https:\/\/www.hartmann-gesellschaft.de\/en\/listenout3-2018\/\" \/>\n<meta property=\"og:locale\" content=\"en_US\" \/>\n<meta property=\"og:type\" content=\"article\" \/>\n<meta property=\"og:title\" content=\"#Listen#Out#3 (2018) - KARL AMADEUS HARTMANN - CENTER\" \/>\n<meta property=\"og:description\" content=\"Composed immediately after the National Socialists seized power in 1933, Karl Amadeus Hartmann&#8217;s first String quartet stands exemplarily for the canon of compositions with which he composed against National Socialism. At the age of 28, he rigorously refused any form of appropriation and went into internal emigration in Germany. He smuggled his works abroad, however, [&hellip;]\" \/>\n<meta property=\"og:url\" content=\"https:\/\/www.hartmann-gesellschaft.de\/en\/listenout3-2018\/\" \/>\n<meta property=\"og:site_name\" content=\"KARL AMADEUS HARTMANN - CENTER\" \/>\n<meta property=\"article:published_time\" content=\"2018-10-16T09:46:35+00:00\" \/>\n<meta property=\"og:image\" content=\"https:\/\/www.hartmann-gesellschaft.de\/wp-content\/uploads\/2018\/10\/insta_konzert-004.jpeg\" \/>\n\t<meta property=\"og:image:width\" content=\"2048\" \/>\n\t<meta property=\"og:image:height\" content=\"2048\" \/>\n\t<meta property=\"og:image:type\" content=\"image\/jpeg\" \/>\n<meta name=\"author\" content=\"Vinzenz\" \/>\n<meta name=\"twitter:card\" content=\"summary_large_image\" \/>\n<meta name=\"twitter:label1\" content=\"Written by\" \/>\n\t<meta name=\"twitter:data1\" content=\"Vinzenz\" \/>\n\t<meta name=\"twitter:label2\" content=\"Est. reading time\" \/>\n\t<meta name=\"twitter:data2\" content=\"2 minutes\" \/>\n<script type=\"application\/ld+json\" class=\"yoast-schema-graph\">{\"@context\":\"https:\\\/\\\/schema.org\",\"@graph\":[{\"@type\":\"Article\",\"@id\":\"https:\\\/\\\/www.hartmann-gesellschaft.de\\\/en\\\/listenout3-2018\\\/#article\",\"isPartOf\":{\"@id\":\"https:\\\/\\\/www.hartmann-gesellschaft.de\\\/en\\\/listenout3-2018\\\/\"},\"author\":{\"name\":\"Vinzenz\",\"@id\":\"https:\\\/\\\/www.hartmann-gesellschaft.de\\\/en\\\/#\\\/schema\\\/person\\\/9f62054d1ff434caae392781e71682bd\"},\"headline\":\"#Listen#Out#3 (2018)\",\"datePublished\":\"2018-10-16T09:46:35+00:00\",\"mainEntityOfPage\":{\"@id\":\"https:\\\/\\\/www.hartmann-gesellschaft.de\\\/en\\\/listenout3-2018\\\/\"},\"wordCount\":311,\"publisher\":{\"@id\":\"https:\\\/\\\/www.hartmann-gesellschaft.de\\\/en\\\/#organization\"},\"image\":{\"@id\":\"https:\\\/\\\/www.hartmann-gesellschaft.de\\\/en\\\/listenout3-2018\\\/#primaryimage\"},\"thumbnailUrl\":\"https:\\\/\\\/www.hartmann-gesellschaft.de\\\/wp-content\\\/uploads\\\/2018\\\/10\\\/insta_konzert-004.jpeg\",\"articleSection\":[\"General\",\"hartmann21\"],\"inLanguage\":\"en-US\"},{\"@type\":\"WebPage\",\"@id\":\"https:\\\/\\\/www.hartmann-gesellschaft.de\\\/en\\\/listenout3-2018\\\/\",\"url\":\"https:\\\/\\\/www.hartmann-gesellschaft.de\\\/en\\\/listenout3-2018\\\/\",\"name\":\"#Listen#Out#3 (2018) - KARL AMADEUS HARTMANN - CENTER\",\"isPartOf\":{\"@id\":\"https:\\\/\\\/www.hartmann-gesellschaft.de\\\/en\\\/#website\"},\"primaryImageOfPage\":{\"@id\":\"https:\\\/\\\/www.hartmann-gesellschaft.de\\\/en\\\/listenout3-2018\\\/#primaryimage\"},\"image\":{\"@id\":\"https:\\\/\\\/www.hartmann-gesellschaft.de\\\/en\\\/listenout3-2018\\\/#primaryimage\"},\"thumbnailUrl\":\"https:\\\/\\\/www.hartmann-gesellschaft.de\\\/wp-content\\\/uploads\\\/2018\\\/10\\\/insta_konzert-004.jpeg\",\"datePublished\":\"2018-10-16T09:46:35+00:00\",\"breadcrumb\":{\"@id\":\"https:\\\/\\\/www.hartmann-gesellschaft.de\\\/en\\\/listenout3-2018\\\/#breadcrumb\"},\"inLanguage\":\"en-US\",\"potentialAction\":[{\"@type\":\"ReadAction\",\"target\":[\"https:\\\/\\\/www.hartmann-gesellschaft.de\\\/en\\\/listenout3-2018\\\/\"]}]},{\"@type\":\"ImageObject\",\"inLanguage\":\"en-US\",\"@id\":\"https:\\\/\\\/www.hartmann-gesellschaft.de\\\/en\\\/listenout3-2018\\\/#primaryimage\",\"url\":\"https:\\\/\\\/www.hartmann-gesellschaft.de\\\/wp-content\\\/uploads\\\/2018\\\/10\\\/insta_konzert-004.jpeg\",\"contentUrl\":\"https:\\\/\\\/www.hartmann-gesellschaft.de\\\/wp-content\\\/uploads\\\/2018\\\/10\\\/insta_konzert-004.jpeg\",\"width\":2048,\"height\":2048},{\"@type\":\"BreadcrumbList\",\"@id\":\"https:\\\/\\\/www.hartmann-gesellschaft.de\\\/en\\\/listenout3-2018\\\/#breadcrumb\",\"itemListElement\":[{\"@type\":\"ListItem\",\"position\":1,\"name\":\"Startseite\",\"item\":\"https:\\\/\\\/www.hartmann-gesellschaft.de\\\/en\\\/\"},{\"@type\":\"ListItem\",\"position\":2,\"name\":\"General\",\"item\":\"https:\\\/\\\/www.hartmann-gesellschaft.de\\\/en\\\/kategorie\\\/general\\\/\"},{\"@type\":\"ListItem\",\"position\":3,\"name\":\"#Listen#Out#3 (2018)\"}]},{\"@type\":\"WebSite\",\"@id\":\"https:\\\/\\\/www.hartmann-gesellschaft.de\\\/en\\\/#website\",\"url\":\"https:\\\/\\\/www.hartmann-gesellschaft.de\\\/en\\\/\",\"name\":\"KARL AMADEUS HARTMANN - CENTER\",\"description\":\"K.A.H. Gesellschaft\",\"publisher\":{\"@id\":\"https:\\\/\\\/www.hartmann-gesellschaft.de\\\/en\\\/#organization\"},\"potentialAction\":[{\"@type\":\"SearchAction\",\"target\":{\"@type\":\"EntryPoint\",\"urlTemplate\":\"https:\\\/\\\/www.hartmann-gesellschaft.de\\\/en\\\/?s={search_term_string}\"},\"query-input\":{\"@type\":\"PropertyValueSpecification\",\"valueRequired\":true,\"valueName\":\"search_term_string\"}}],\"inLanguage\":\"en-US\"},{\"@type\":\"Organization\",\"@id\":\"https:\\\/\\\/www.hartmann-gesellschaft.de\\\/en\\\/#organization\",\"name\":\"Karl Amadeus Hartmann Gesellschaft e.V.\",\"url\":\"https:\\\/\\\/www.hartmann-gesellschaft.de\\\/en\\\/\",\"logo\":{\"@type\":\"ImageObject\",\"inLanguage\":\"en-US\",\"@id\":\"https:\\\/\\\/www.hartmann-gesellschaft.de\\\/en\\\/#\\\/schema\\\/logo\\\/image\\\/\",\"url\":\"https:\\\/\\\/www.hartmann-gesellschaft.de\\\/wp-content\\\/uploads\\\/2019\\\/11\\\/social.jpg\",\"contentUrl\":\"https:\\\/\\\/www.hartmann-gesellschaft.de\\\/wp-content\\\/uploads\\\/2019\\\/11\\\/social.jpg\",\"width\":1900,\"height\":1182,\"caption\":\"Karl Amadeus Hartmann Gesellschaft e.V.\"},\"image\":{\"@id\":\"https:\\\/\\\/www.hartmann-gesellschaft.de\\\/en\\\/#\\\/schema\\\/logo\\\/image\\\/\"}},{\"@type\":\"Person\",\"@id\":\"https:\\\/\\\/www.hartmann-gesellschaft.de\\\/en\\\/#\\\/schema\\\/person\\\/9f62054d1ff434caae392781e71682bd\",\"name\":\"Vinzenz\",\"image\":{\"@type\":\"ImageObject\",\"inLanguage\":\"en-US\",\"@id\":\"https:\\\/\\\/secure.gravatar.com\\\/avatar\\\/b792e0ab2b272a7ac520dc07593eb9e1aab5c3c94d4fc72b019521e254a111bf?s=96&d=mm&r=g\",\"url\":\"https:\\\/\\\/secure.gravatar.com\\\/avatar\\\/b792e0ab2b272a7ac520dc07593eb9e1aab5c3c94d4fc72b019521e254a111bf?s=96&d=mm&r=g\",\"contentUrl\":\"https:\\\/\\\/secure.gravatar.com\\\/avatar\\\/b792e0ab2b272a7ac520dc07593eb9e1aab5c3c94d4fc72b019521e254a111bf?s=96&d=mm&r=g\",\"caption\":\"Vinzenz\"},\"url\":\"https:\\\/\\\/www.hartmann-gesellschaft.de\\\/en\\\/author\\\/vinzenz\\\/\"}]}<\/script>\n<!-- \/ Yoast SEO plugin. -->","yoast_head_json":{"title":"#Listen#Out#3 (2018) - KARL AMADEUS HARTMANN - CENTER","robots":{"index":"index","follow":"follow","max-snippet":"max-snippet:-1","max-image-preview":"max-image-preview:large","max-video-preview":"max-video-preview:-1"},"canonical":"https:\/\/www.hartmann-gesellschaft.de\/en\/listenout3-2018\/","og_locale":"en_US","og_type":"article","og_title":"#Listen#Out#3 (2018) - KARL AMADEUS HARTMANN - CENTER","og_description":"Composed immediately after the National Socialists seized power in 1933, Karl Amadeus Hartmann&#8217;s first String quartet stands exemplarily for the canon of compositions with which he composed against National Socialism. At the age of 28, he rigorously refused any form of appropriation and went into internal emigration in Germany. He smuggled his works abroad, however, [&hellip;]","og_url":"https:\/\/www.hartmann-gesellschaft.de\/en\/listenout3-2018\/","og_site_name":"KARL AMADEUS HARTMANN - CENTER","article_published_time":"2018-10-16T09:46:35+00:00","og_image":[{"width":2048,"height":2048,"url":"https:\/\/www.hartmann-gesellschaft.de\/wp-content\/uploads\/2018\/10\/insta_konzert-004.jpeg","type":"image\/jpeg"}],"author":"Vinzenz","twitter_card":"summary_large_image","twitter_misc":{"Written by":"Vinzenz","Est. reading time":"2 minutes"},"schema":{"@context":"https:\/\/schema.org","@graph":[{"@type":"Article","@id":"https:\/\/www.hartmann-gesellschaft.de\/en\/listenout3-2018\/#article","isPartOf":{"@id":"https:\/\/www.hartmann-gesellschaft.de\/en\/listenout3-2018\/"},"author":{"name":"Vinzenz","@id":"https:\/\/www.hartmann-gesellschaft.de\/en\/#\/schema\/person\/9f62054d1ff434caae392781e71682bd"},"headline":"#Listen#Out#3 (2018)","datePublished":"2018-10-16T09:46:35+00:00","mainEntityOfPage":{"@id":"https:\/\/www.hartmann-gesellschaft.de\/en\/listenout3-2018\/"},"wordCount":311,"publisher":{"@id":"https:\/\/www.hartmann-gesellschaft.de\/en\/#organization"},"image":{"@id":"https:\/\/www.hartmann-gesellschaft.de\/en\/listenout3-2018\/#primaryimage"},"thumbnailUrl":"https:\/\/www.hartmann-gesellschaft.de\/wp-content\/uploads\/2018\/10\/insta_konzert-004.jpeg","articleSection":["General","hartmann21"],"inLanguage":"en-US"},{"@type":"WebPage","@id":"https:\/\/www.hartmann-gesellschaft.de\/en\/listenout3-2018\/","url":"https:\/\/www.hartmann-gesellschaft.de\/en\/listenout3-2018\/","name":"#Listen#Out#3 (2018) - KARL AMADEUS HARTMANN - CENTER","isPartOf":{"@id":"https:\/\/www.hartmann-gesellschaft.de\/en\/#website"},"primaryImageOfPage":{"@id":"https:\/\/www.hartmann-gesellschaft.de\/en\/listenout3-2018\/#primaryimage"},"image":{"@id":"https:\/\/www.hartmann-gesellschaft.de\/en\/listenout3-2018\/#primaryimage"},"thumbnailUrl":"https:\/\/www.hartmann-gesellschaft.de\/wp-content\/uploads\/2018\/10\/insta_konzert-004.jpeg","datePublished":"2018-10-16T09:46:35+00:00","breadcrumb":{"@id":"https:\/\/www.hartmann-gesellschaft.de\/en\/listenout3-2018\/#breadcrumb"},"inLanguage":"en-US","potentialAction":[{"@type":"ReadAction","target":["https:\/\/www.hartmann-gesellschaft.de\/en\/listenout3-2018\/"]}]},{"@type":"ImageObject","inLanguage":"en-US","@id":"https:\/\/www.hartmann-gesellschaft.de\/en\/listenout3-2018\/#primaryimage","url":"https:\/\/www.hartmann-gesellschaft.de\/wp-content\/uploads\/2018\/10\/insta_konzert-004.jpeg","contentUrl":"https:\/\/www.hartmann-gesellschaft.de\/wp-content\/uploads\/2018\/10\/insta_konzert-004.jpeg","width":2048,"height":2048},{"@type":"BreadcrumbList","@id":"https:\/\/www.hartmann-gesellschaft.de\/en\/listenout3-2018\/#breadcrumb","itemListElement":[{"@type":"ListItem","position":1,"name":"Startseite","item":"https:\/\/www.hartmann-gesellschaft.de\/en\/"},{"@type":"ListItem","position":2,"name":"General","item":"https:\/\/www.hartmann-gesellschaft.de\/en\/kategorie\/general\/"},{"@type":"ListItem","position":3,"name":"#Listen#Out#3 (2018)"}]},{"@type":"WebSite","@id":"https:\/\/www.hartmann-gesellschaft.de\/en\/#website","url":"https:\/\/www.hartmann-gesellschaft.de\/en\/","name":"KARL AMADEUS HARTMANN - CENTER","description":"K.A.H. Gesellschaft","publisher":{"@id":"https:\/\/www.hartmann-gesellschaft.de\/en\/#organization"},"potentialAction":[{"@type":"SearchAction","target":{"@type":"EntryPoint","urlTemplate":"https:\/\/www.hartmann-gesellschaft.de\/en\/?s={search_term_string}"},"query-input":{"@type":"PropertyValueSpecification","valueRequired":true,"valueName":"search_term_string"}}],"inLanguage":"en-US"},{"@type":"Organization","@id":"https:\/\/www.hartmann-gesellschaft.de\/en\/#organization","name":"Karl Amadeus Hartmann Gesellschaft e.V.","url":"https:\/\/www.hartmann-gesellschaft.de\/en\/","logo":{"@type":"ImageObject","inLanguage":"en-US","@id":"https:\/\/www.hartmann-gesellschaft.de\/en\/#\/schema\/logo\/image\/","url":"https:\/\/www.hartmann-gesellschaft.de\/wp-content\/uploads\/2019\/11\/social.jpg","contentUrl":"https:\/\/www.hartmann-gesellschaft.de\/wp-content\/uploads\/2019\/11\/social.jpg","width":1900,"height":1182,"caption":"Karl Amadeus Hartmann Gesellschaft e.V."},"image":{"@id":"https:\/\/www.hartmann-gesellschaft.de\/en\/#\/schema\/logo\/image\/"}},{"@type":"Person","@id":"https:\/\/www.hartmann-gesellschaft.de\/en\/#\/schema\/person\/9f62054d1ff434caae392781e71682bd","name":"Vinzenz","image":{"@type":"ImageObject","inLanguage":"en-US","@id":"https:\/\/secure.gravatar.com\/avatar\/b792e0ab2b272a7ac520dc07593eb9e1aab5c3c94d4fc72b019521e254a111bf?s=96&d=mm&r=g","url":"https:\/\/secure.gravatar.com\/avatar\/b792e0ab2b272a7ac520dc07593eb9e1aab5c3c94d4fc72b019521e254a111bf?s=96&d=mm&r=g","contentUrl":"https:\/\/secure.gravatar.com\/avatar\/b792e0ab2b272a7ac520dc07593eb9e1aab5c3c94d4fc72b019521e254a111bf?s=96&d=mm&r=g","caption":"Vinzenz"},"url":"https:\/\/www.hartmann-gesellschaft.de\/en\/author\/vinzenz\/"}]}},"_links":{"self":[{"href":"https:\/\/www.hartmann-gesellschaft.de\/en\/wp-json\/wp\/v2\/posts\/15261","targetHints":{"allow":["GET"]}}],"collection":[{"href":"https:\/\/www.hartmann-gesellschaft.de\/en\/wp-json\/wp\/v2\/posts"}],"about":[{"href":"https:\/\/www.hartmann-gesellschaft.de\/en\/wp-json\/wp\/v2\/types\/post"}],"author":[{"embeddable":true,"href":"https:\/\/www.hartmann-gesellschaft.de\/en\/wp-json\/wp\/v2\/users\/11"}],"replies":[{"embeddable":true,"href":"https:\/\/www.hartmann-gesellschaft.de\/en\/wp-json\/wp\/v2\/comments?post=15261"}],"version-history":[{"count":0,"href":"https:\/\/www.hartmann-gesellschaft.de\/en\/wp-json\/wp\/v2\/posts\/15261\/revisions"}],"wp:featuredmedia":[{"embeddable":true,"href":"https:\/\/www.hartmann-gesellschaft.de\/en\/wp-json\/wp\/v2\/media\/14675"}],"wp:attachment":[{"href":"https:\/\/www.hartmann-gesellschaft.de\/en\/wp-json\/wp\/v2\/media?parent=15261"}],"wp:term":[{"taxonomy":"category","embeddable":true,"href":"https:\/\/www.hartmann-gesellschaft.de\/en\/wp-json\/wp\/v2\/categories?post=15261"},{"taxonomy":"post_tag","embeddable":true,"href":"https:\/\/www.hartmann-gesellschaft.de\/en\/wp-json\/wp\/v2\/tags?post=15261"}],"curies":[{"name":"wp","href":"https:\/\/api.w.org\/{rel}","templated":true}]}}