{"id":15275,"date":"2017-11-17T09:37:09","date_gmt":"2017-11-17T09:37:09","guid":{"rendered":"http:\/\/h.hartmann-gesellschaft.de\/podium-junger-komponisten-2-2017\/"},"modified":"2017-11-17T09:37:09","modified_gmt":"2017-11-17T09:37:09","slug":"podium-junger-komponisten-2-2017","status":"publish","type":"post","link":"https:\/\/www.hartmann-gesellschaft.de\/en\/podium-junger-komponisten-2-2017\/","title":{"rendered":"Podium junger Komponisten (2\/2017)"},"content":{"rendered":"<p>Following the intention of Karl Amadeus Hartmann, the &#8220;Podium junger Komponisten\u201c [&#8220;Podium of Young Composers&#8221;] is a platform that enables selected young composers to create a programme for an entire evening and to compose temporally comprehensive works for it. Following in the footsteps of the great contemporary diagnostician Karl Amadeus Hartmann, works are created especially for this concert that consciously seek an artistic examination of today&#8217;s &#8220;realities of life&#8221;. The portrait concert focuses on works by the Armenian Arsen Babajanyan and the Georgian Ovanes Ambartsumian. Both understand literature as a source of inspiration for their works. Thus verses of love and the harsh realities of Armenian poet Hovhannes Tumanyan&#8217;s life are directly set to music for voice, while William Shakespeare&#8217;s 30th sonnet serves exclusively as the intellectual foundation for a purely instrumental composition.<\/p>\n<p>An event of the \u00a9 Karl Amadeus Hartmann-Gesellschaft e. V. in cooperation with the Hochschule f\u00fcr Musik und Theater M\u00fcnchen, sponsored by Kulturreferat der Landeshauptstadt M\u00fcnchen, Anja Fichte Stiftung, Theodor-Rogler-Stiftung and LfA F\u00f6rderbank Bayern.<\/p>\n","protected":false},"excerpt":{"rendered":"<p>Following the intention of Karl Amadeus Hartmann, the &#8220;Podium junger Komponisten\u201c [&#8220;Podium of Young Composers&#8221;] is a platform that enables selected young composers to create a programme for an entire evening and to compose temporally comprehensive works for it. Following in the footsteps of the great contemporary diagnostician Karl Amadeus Hartmann, works are created especially [&hellip;]<\/p>\n","protected":false},"author":11,"featured_media":14688,"comment_status":"closed","ping_status":"closed","sticky":false,"template":"","format":"standard","meta":{"_acf_changed":false,"footnotes":""},"categories":[1082,1313],"tags":[],"class_list":["post-15275","post","type-post","status-publish","format-standard","has-post-thumbnail","hentry","category-general","category-hartmann21-en"],"acf":[],"yoast_head":"<!-- This site is optimized with the Yoast SEO plugin v27.5 - https:\/\/yoast.com\/product\/yoast-seo-wordpress\/ -->\n<title>Podium junger Komponisten (2\/2017) - KARL AMADEUS HARTMANN - CENTER<\/title>\n<meta name=\"robots\" content=\"index, follow, max-snippet:-1, max-image-preview:large, max-video-preview:-1\" \/>\n<link rel=\"canonical\" href=\"https:\/\/www.hartmann-gesellschaft.de\/en\/podium-junger-komponisten-2-2017\/\" \/>\n<meta property=\"og:locale\" content=\"en_US\" \/>\n<meta property=\"og:type\" content=\"article\" \/>\n<meta property=\"og:title\" content=\"Podium junger Komponisten (2\/2017) - KARL AMADEUS HARTMANN - CENTER\" \/>\n<meta property=\"og:description\" content=\"Following the intention of Karl Amadeus Hartmann, the &#8220;Podium junger Komponisten\u201c [&#8220;Podium of Young Composers&#8221;] is a platform that enables selected young composers to create a programme for an entire evening and to compose temporally comprehensive works for it. Following in the footsteps of the great contemporary diagnostician Karl Amadeus Hartmann, works are created especially [&hellip;]\" \/>\n<meta property=\"og:url\" content=\"https:\/\/www.hartmann-gesellschaft.de\/en\/podium-junger-komponisten-2-2017\/\" \/>\n<meta property=\"og:site_name\" content=\"KARL AMADEUS HARTMANN - CENTER\" \/>\n<meta property=\"article:published_time\" content=\"2017-11-17T09:37:09+00:00\" \/>\n<meta property=\"og:image\" content=\"https:\/\/www.hartmann-gesellschaft.de\/wp-content\/uploads\/2020\/04\/17_11_17_podium.jpg\" \/>\n\t<meta property=\"og:image:width\" content=\"2050\" \/>\n\t<meta property=\"og:image:height\" content=\"2050\" \/>\n\t<meta property=\"og:image:type\" content=\"image\/jpeg\" \/>\n<meta name=\"author\" content=\"Vinzenz\" \/>\n<meta name=\"twitter:card\" content=\"summary_large_image\" \/>\n<meta name=\"twitter:label1\" content=\"Written by\" \/>\n\t<meta name=\"twitter:data1\" content=\"Vinzenz\" \/>\n\t<meta name=\"twitter:label2\" content=\"Est. reading time\" \/>\n\t<meta name=\"twitter:data2\" content=\"1 minute\" \/>\n<script type=\"application\/ld+json\" class=\"yoast-schema-graph\">{\"@context\":\"https:\\\/\\\/schema.org\",\"@graph\":[{\"@type\":\"Article\",\"@id\":\"https:\\\/\\\/www.hartmann-gesellschaft.de\\\/en\\\/podium-junger-komponisten-2-2017\\\/#article\",\"isPartOf\":{\"@id\":\"https:\\\/\\\/www.hartmann-gesellschaft.de\\\/en\\\/podium-junger-komponisten-2-2017\\\/\"},\"author\":{\"name\":\"Vinzenz\",\"@id\":\"https:\\\/\\\/www.hartmann-gesellschaft.de\\\/en\\\/#\\\/schema\\\/person\\\/9f62054d1ff434caae392781e71682bd\"},\"headline\":\"Podium junger Komponisten (2\\\/2017)\",\"datePublished\":\"2017-11-17T09:37:09+00:00\",\"mainEntityOfPage\":{\"@id\":\"https:\\\/\\\/www.hartmann-gesellschaft.de\\\/en\\\/podium-junger-komponisten-2-2017\\\/\"},\"wordCount\":176,\"publisher\":{\"@id\":\"https:\\\/\\\/www.hartmann-gesellschaft.de\\\/en\\\/#organization\"},\"image\":{\"@id\":\"https:\\\/\\\/www.hartmann-gesellschaft.de\\\/en\\\/podium-junger-komponisten-2-2017\\\/#primaryimage\"},\"thumbnailUrl\":\"https:\\\/\\\/www.hartmann-gesellschaft.de\\\/wp-content\\\/uploads\\\/2020\\\/04\\\/17_11_17_podium.jpg\",\"articleSection\":[\"General\",\"hartmann21\"],\"inLanguage\":\"en-US\"},{\"@type\":\"WebPage\",\"@id\":\"https:\\\/\\\/www.hartmann-gesellschaft.de\\\/en\\\/podium-junger-komponisten-2-2017\\\/\",\"url\":\"https:\\\/\\\/www.hartmann-gesellschaft.de\\\/en\\\/podium-junger-komponisten-2-2017\\\/\",\"name\":\"Podium junger Komponisten (2\\\/2017) - KARL AMADEUS HARTMANN - CENTER\",\"isPartOf\":{\"@id\":\"https:\\\/\\\/www.hartmann-gesellschaft.de\\\/en\\\/#website\"},\"primaryImageOfPage\":{\"@id\":\"https:\\\/\\\/www.hartmann-gesellschaft.de\\\/en\\\/podium-junger-komponisten-2-2017\\\/#primaryimage\"},\"image\":{\"@id\":\"https:\\\/\\\/www.hartmann-gesellschaft.de\\\/en\\\/podium-junger-komponisten-2-2017\\\/#primaryimage\"},\"thumbnailUrl\":\"https:\\\/\\\/www.hartmann-gesellschaft.de\\\/wp-content\\\/uploads\\\/2020\\\/04\\\/17_11_17_podium.jpg\",\"datePublished\":\"2017-11-17T09:37:09+00:00\",\"breadcrumb\":{\"@id\":\"https:\\\/\\\/www.hartmann-gesellschaft.de\\\/en\\\/podium-junger-komponisten-2-2017\\\/#breadcrumb\"},\"inLanguage\":\"en-US\",\"potentialAction\":[{\"@type\":\"ReadAction\",\"target\":[\"https:\\\/\\\/www.hartmann-gesellschaft.de\\\/en\\\/podium-junger-komponisten-2-2017\\\/\"]}]},{\"@type\":\"ImageObject\",\"inLanguage\":\"en-US\",\"@id\":\"https:\\\/\\\/www.hartmann-gesellschaft.de\\\/en\\\/podium-junger-komponisten-2-2017\\\/#primaryimage\",\"url\":\"https:\\\/\\\/www.hartmann-gesellschaft.de\\\/wp-content\\\/uploads\\\/2020\\\/04\\\/17_11_17_podium.jpg\",\"contentUrl\":\"https:\\\/\\\/www.hartmann-gesellschaft.de\\\/wp-content\\\/uploads\\\/2020\\\/04\\\/17_11_17_podium.jpg\",\"width\":2050,\"height\":2050},{\"@type\":\"BreadcrumbList\",\"@id\":\"https:\\\/\\\/www.hartmann-gesellschaft.de\\\/en\\\/podium-junger-komponisten-2-2017\\\/#breadcrumb\",\"itemListElement\":[{\"@type\":\"ListItem\",\"position\":1,\"name\":\"Startseite\",\"item\":\"https:\\\/\\\/www.hartmann-gesellschaft.de\\\/en\\\/\"},{\"@type\":\"ListItem\",\"position\":2,\"name\":\"General\",\"item\":\"https:\\\/\\\/www.hartmann-gesellschaft.de\\\/en\\\/kategorie\\\/general\\\/\"},{\"@type\":\"ListItem\",\"position\":3,\"name\":\"Podium junger Komponisten (2\\\/2017)\"}]},{\"@type\":\"WebSite\",\"@id\":\"https:\\\/\\\/www.hartmann-gesellschaft.de\\\/en\\\/#website\",\"url\":\"https:\\\/\\\/www.hartmann-gesellschaft.de\\\/en\\\/\",\"name\":\"KARL AMADEUS HARTMANN - CENTER\",\"description\":\"K.A.H. Gesellschaft\",\"publisher\":{\"@id\":\"https:\\\/\\\/www.hartmann-gesellschaft.de\\\/en\\\/#organization\"},\"potentialAction\":[{\"@type\":\"SearchAction\",\"target\":{\"@type\":\"EntryPoint\",\"urlTemplate\":\"https:\\\/\\\/www.hartmann-gesellschaft.de\\\/en\\\/?s={search_term_string}\"},\"query-input\":{\"@type\":\"PropertyValueSpecification\",\"valueRequired\":true,\"valueName\":\"search_term_string\"}}],\"inLanguage\":\"en-US\"},{\"@type\":\"Organization\",\"@id\":\"https:\\\/\\\/www.hartmann-gesellschaft.de\\\/en\\\/#organization\",\"name\":\"Karl Amadeus Hartmann Gesellschaft e.V.\",\"url\":\"https:\\\/\\\/www.hartmann-gesellschaft.de\\\/en\\\/\",\"logo\":{\"@type\":\"ImageObject\",\"inLanguage\":\"en-US\",\"@id\":\"https:\\\/\\\/www.hartmann-gesellschaft.de\\\/en\\\/#\\\/schema\\\/logo\\\/image\\\/\",\"url\":\"https:\\\/\\\/www.hartmann-gesellschaft.de\\\/wp-content\\\/uploads\\\/2019\\\/11\\\/social.jpg\",\"contentUrl\":\"https:\\\/\\\/www.hartmann-gesellschaft.de\\\/wp-content\\\/uploads\\\/2019\\\/11\\\/social.jpg\",\"width\":1900,\"height\":1182,\"caption\":\"Karl Amadeus Hartmann Gesellschaft e.V.\"},\"image\":{\"@id\":\"https:\\\/\\\/www.hartmann-gesellschaft.de\\\/en\\\/#\\\/schema\\\/logo\\\/image\\\/\"}},{\"@type\":\"Person\",\"@id\":\"https:\\\/\\\/www.hartmann-gesellschaft.de\\\/en\\\/#\\\/schema\\\/person\\\/9f62054d1ff434caae392781e71682bd\",\"name\":\"Vinzenz\",\"image\":{\"@type\":\"ImageObject\",\"inLanguage\":\"en-US\",\"@id\":\"https:\\\/\\\/secure.gravatar.com\\\/avatar\\\/b792e0ab2b272a7ac520dc07593eb9e1aab5c3c94d4fc72b019521e254a111bf?s=96&d=mm&r=g\",\"url\":\"https:\\\/\\\/secure.gravatar.com\\\/avatar\\\/b792e0ab2b272a7ac520dc07593eb9e1aab5c3c94d4fc72b019521e254a111bf?s=96&d=mm&r=g\",\"contentUrl\":\"https:\\\/\\\/secure.gravatar.com\\\/avatar\\\/b792e0ab2b272a7ac520dc07593eb9e1aab5c3c94d4fc72b019521e254a111bf?s=96&d=mm&r=g\",\"caption\":\"Vinzenz\"},\"url\":\"https:\\\/\\\/www.hartmann-gesellschaft.de\\\/en\\\/author\\\/vinzenz\\\/\"}]}<\/script>\n<!-- \/ Yoast SEO plugin. -->","yoast_head_json":{"title":"Podium junger Komponisten (2\/2017) - KARL AMADEUS HARTMANN - CENTER","robots":{"index":"index","follow":"follow","max-snippet":"max-snippet:-1","max-image-preview":"max-image-preview:large","max-video-preview":"max-video-preview:-1"},"canonical":"https:\/\/www.hartmann-gesellschaft.de\/en\/podium-junger-komponisten-2-2017\/","og_locale":"en_US","og_type":"article","og_title":"Podium junger Komponisten (2\/2017) - KARL AMADEUS HARTMANN - CENTER","og_description":"Following the intention of Karl Amadeus Hartmann, the &#8220;Podium junger Komponisten\u201c [&#8220;Podium of Young Composers&#8221;] is a platform that enables selected young composers to create a programme for an entire evening and to compose temporally comprehensive works for it. Following in the footsteps of the great contemporary diagnostician Karl Amadeus Hartmann, works are created especially [&hellip;]","og_url":"https:\/\/www.hartmann-gesellschaft.de\/en\/podium-junger-komponisten-2-2017\/","og_site_name":"KARL AMADEUS HARTMANN - CENTER","article_published_time":"2017-11-17T09:37:09+00:00","og_image":[{"width":2050,"height":2050,"url":"https:\/\/www.hartmann-gesellschaft.de\/wp-content\/uploads\/2020\/04\/17_11_17_podium.jpg","type":"image\/jpeg"}],"author":"Vinzenz","twitter_card":"summary_large_image","twitter_misc":{"Written by":"Vinzenz","Est. reading time":"1 minute"},"schema":{"@context":"https:\/\/schema.org","@graph":[{"@type":"Article","@id":"https:\/\/www.hartmann-gesellschaft.de\/en\/podium-junger-komponisten-2-2017\/#article","isPartOf":{"@id":"https:\/\/www.hartmann-gesellschaft.de\/en\/podium-junger-komponisten-2-2017\/"},"author":{"name":"Vinzenz","@id":"https:\/\/www.hartmann-gesellschaft.de\/en\/#\/schema\/person\/9f62054d1ff434caae392781e71682bd"},"headline":"Podium junger Komponisten (2\/2017)","datePublished":"2017-11-17T09:37:09+00:00","mainEntityOfPage":{"@id":"https:\/\/www.hartmann-gesellschaft.de\/en\/podium-junger-komponisten-2-2017\/"},"wordCount":176,"publisher":{"@id":"https:\/\/www.hartmann-gesellschaft.de\/en\/#organization"},"image":{"@id":"https:\/\/www.hartmann-gesellschaft.de\/en\/podium-junger-komponisten-2-2017\/#primaryimage"},"thumbnailUrl":"https:\/\/www.hartmann-gesellschaft.de\/wp-content\/uploads\/2020\/04\/17_11_17_podium.jpg","articleSection":["General","hartmann21"],"inLanguage":"en-US"},{"@type":"WebPage","@id":"https:\/\/www.hartmann-gesellschaft.de\/en\/podium-junger-komponisten-2-2017\/","url":"https:\/\/www.hartmann-gesellschaft.de\/en\/podium-junger-komponisten-2-2017\/","name":"Podium junger Komponisten (2\/2017) - KARL AMADEUS HARTMANN - CENTER","isPartOf":{"@id":"https:\/\/www.hartmann-gesellschaft.de\/en\/#website"},"primaryImageOfPage":{"@id":"https:\/\/www.hartmann-gesellschaft.de\/en\/podium-junger-komponisten-2-2017\/#primaryimage"},"image":{"@id":"https:\/\/www.hartmann-gesellschaft.de\/en\/podium-junger-komponisten-2-2017\/#primaryimage"},"thumbnailUrl":"https:\/\/www.hartmann-gesellschaft.de\/wp-content\/uploads\/2020\/04\/17_11_17_podium.jpg","datePublished":"2017-11-17T09:37:09+00:00","breadcrumb":{"@id":"https:\/\/www.hartmann-gesellschaft.de\/en\/podium-junger-komponisten-2-2017\/#breadcrumb"},"inLanguage":"en-US","potentialAction":[{"@type":"ReadAction","target":["https:\/\/www.hartmann-gesellschaft.de\/en\/podium-junger-komponisten-2-2017\/"]}]},{"@type":"ImageObject","inLanguage":"en-US","@id":"https:\/\/www.hartmann-gesellschaft.de\/en\/podium-junger-komponisten-2-2017\/#primaryimage","url":"https:\/\/www.hartmann-gesellschaft.de\/wp-content\/uploads\/2020\/04\/17_11_17_podium.jpg","contentUrl":"https:\/\/www.hartmann-gesellschaft.de\/wp-content\/uploads\/2020\/04\/17_11_17_podium.jpg","width":2050,"height":2050},{"@type":"BreadcrumbList","@id":"https:\/\/www.hartmann-gesellschaft.de\/en\/podium-junger-komponisten-2-2017\/#breadcrumb","itemListElement":[{"@type":"ListItem","position":1,"name":"Startseite","item":"https:\/\/www.hartmann-gesellschaft.de\/en\/"},{"@type":"ListItem","position":2,"name":"General","item":"https:\/\/www.hartmann-gesellschaft.de\/en\/kategorie\/general\/"},{"@type":"ListItem","position":3,"name":"Podium junger Komponisten (2\/2017)"}]},{"@type":"WebSite","@id":"https:\/\/www.hartmann-gesellschaft.de\/en\/#website","url":"https:\/\/www.hartmann-gesellschaft.de\/en\/","name":"KARL AMADEUS HARTMANN - CENTER","description":"K.A.H. Gesellschaft","publisher":{"@id":"https:\/\/www.hartmann-gesellschaft.de\/en\/#organization"},"potentialAction":[{"@type":"SearchAction","target":{"@type":"EntryPoint","urlTemplate":"https:\/\/www.hartmann-gesellschaft.de\/en\/?s={search_term_string}"},"query-input":{"@type":"PropertyValueSpecification","valueRequired":true,"valueName":"search_term_string"}}],"inLanguage":"en-US"},{"@type":"Organization","@id":"https:\/\/www.hartmann-gesellschaft.de\/en\/#organization","name":"Karl Amadeus Hartmann Gesellschaft e.V.","url":"https:\/\/www.hartmann-gesellschaft.de\/en\/","logo":{"@type":"ImageObject","inLanguage":"en-US","@id":"https:\/\/www.hartmann-gesellschaft.de\/en\/#\/schema\/logo\/image\/","url":"https:\/\/www.hartmann-gesellschaft.de\/wp-content\/uploads\/2019\/11\/social.jpg","contentUrl":"https:\/\/www.hartmann-gesellschaft.de\/wp-content\/uploads\/2019\/11\/social.jpg","width":1900,"height":1182,"caption":"Karl Amadeus Hartmann Gesellschaft e.V."},"image":{"@id":"https:\/\/www.hartmann-gesellschaft.de\/en\/#\/schema\/logo\/image\/"}},{"@type":"Person","@id":"https:\/\/www.hartmann-gesellschaft.de\/en\/#\/schema\/person\/9f62054d1ff434caae392781e71682bd","name":"Vinzenz","image":{"@type":"ImageObject","inLanguage":"en-US","@id":"https:\/\/secure.gravatar.com\/avatar\/b792e0ab2b272a7ac520dc07593eb9e1aab5c3c94d4fc72b019521e254a111bf?s=96&d=mm&r=g","url":"https:\/\/secure.gravatar.com\/avatar\/b792e0ab2b272a7ac520dc07593eb9e1aab5c3c94d4fc72b019521e254a111bf?s=96&d=mm&r=g","contentUrl":"https:\/\/secure.gravatar.com\/avatar\/b792e0ab2b272a7ac520dc07593eb9e1aab5c3c94d4fc72b019521e254a111bf?s=96&d=mm&r=g","caption":"Vinzenz"},"url":"https:\/\/www.hartmann-gesellschaft.de\/en\/author\/vinzenz\/"}]}},"_links":{"self":[{"href":"https:\/\/www.hartmann-gesellschaft.de\/en\/wp-json\/wp\/v2\/posts\/15275","targetHints":{"allow":["GET"]}}],"collection":[{"href":"https:\/\/www.hartmann-gesellschaft.de\/en\/wp-json\/wp\/v2\/posts"}],"about":[{"href":"https:\/\/www.hartmann-gesellschaft.de\/en\/wp-json\/wp\/v2\/types\/post"}],"author":[{"embeddable":true,"href":"https:\/\/www.hartmann-gesellschaft.de\/en\/wp-json\/wp\/v2\/users\/11"}],"replies":[{"embeddable":true,"href":"https:\/\/www.hartmann-gesellschaft.de\/en\/wp-json\/wp\/v2\/comments?post=15275"}],"version-history":[{"count":0,"href":"https:\/\/www.hartmann-gesellschaft.de\/en\/wp-json\/wp\/v2\/posts\/15275\/revisions"}],"wp:featuredmedia":[{"embeddable":true,"href":"https:\/\/www.hartmann-gesellschaft.de\/en\/wp-json\/wp\/v2\/media\/14688"}],"wp:attachment":[{"href":"https:\/\/www.hartmann-gesellschaft.de\/en\/wp-json\/wp\/v2\/media?parent=15275"}],"wp:term":[{"taxonomy":"category","embeddable":true,"href":"https:\/\/www.hartmann-gesellschaft.de\/en\/wp-json\/wp\/v2\/categories?post=15275"},{"taxonomy":"post_tag","embeddable":true,"href":"https:\/\/www.hartmann-gesellschaft.de\/en\/wp-json\/wp\/v2\/tags?post=15275"}],"curies":[{"name":"wp","href":"https:\/\/api.w.org\/{rel}","templated":true}]}}