{"id":15296,"date":"2016-11-30T09:55:12","date_gmt":"2016-11-30T09:55:12","guid":{"rendered":"http:\/\/h.hartmann-gesellschaft.de\/podium-junger-komponisten-2-2016\/"},"modified":"2016-11-30T09:55:12","modified_gmt":"2016-11-30T09:55:12","slug":"podium-junger-komponisten-2-2016","status":"publish","type":"post","link":"https:\/\/www.hartmann-gesellschaft.de\/en\/podium-junger-komponisten-2-2016\/","title":{"rendered":"Podium junger Komponisten (2\/2016)"},"content":{"rendered":"<p>We feel particularly committed to the mission and intention of Karl Amadeus Hartmann to promote young, highly talented composers and performers and to introduce them to the humanistic and socio-political dimensions of his works. Within the framework of our new series of events, hartmann21, this request is now to be taken into account. In 2016\/2017, renowned instrumentalists and composers such as Thomas Zehetmair (violin), Ruth Killius (viola), Francesco Dillon (violoncello), Alexander Lonquich (piano), Emanuele Torquati (piano) as well as Thomas Larcher (composer) will deal with Hartmann&#8217;s work in singularly &#8220;composed&#8221; programmes.<br \/>\nFollowing the intention of Karl Amadeus Hartmann, the &#8220;Podium of Young Composers&#8221; is a new platform that enables two selected young composers to create a programmatic programme for an entire evening and to compose temporally comprehensive works for it. The second portrait concert focuses on the South Korean composer Hankyeol Yoon and Jakob Stillmark, a native from Feldafingen. Following in the footsteps of the great time diagnostician Karl Amadeus Hartmann and referring thematically to the other events of the KAHG, works will be created especially for this concert, which consciously seek an artistic examination of today&#8217;s &#8220;realities of life&#8221;. In his works, Stillmark addresses inner restlessness as a symptom of our stimulus-flooded world, whereas Yoon gets to the bottom of the linguistic quality and linguistic ability of music. An in-depth conversation between the two composers and the artistic director of the concert series Andreas H\u00e9rm Baumgartner and Olena Garmash will round off the evening.<\/p>\n<p>An event of the \u00a9 Karl Amadeus Hartmann-Gesellschaft e. V. in cooperation with the Hochschule f\u00fcr Musik und Theater M\u00fcnchen, sponsored by Anja Fichte Stiftung, Theodor-Rogler-Stiftung und LfA F\u00f6rderbank Bayern.<\/p>\n","protected":false},"excerpt":{"rendered":"<p>We feel particularly committed to the mission and intention of Karl Amadeus Hartmann to promote young, highly talented composers and performers and to introduce them to the humanistic and socio-political dimensions of his works. Within the framework of our new series of events, hartmann21, this request is now to be taken into account. In 2016\/2017, [&hellip;]<\/p>\n","protected":false},"author":11,"featured_media":14702,"comment_status":"closed","ping_status":"closed","sticky":false,"template":"","format":"standard","meta":{"_acf_changed":false,"footnotes":""},"categories":[1082,1313],"tags":[],"class_list":["post-15296","post","type-post","status-publish","format-standard","has-post-thumbnail","hentry","category-general","category-hartmann21-en"],"acf":[],"yoast_head":"<!-- This site is optimized with the Yoast SEO plugin v27.5 - https:\/\/yoast.com\/product\/yoast-seo-wordpress\/ -->\n<title>Podium junger Komponisten (2\/2016) - KARL AMADEUS HARTMANN - CENTER<\/title>\n<meta name=\"robots\" content=\"index, follow, max-snippet:-1, max-image-preview:large, max-video-preview:-1\" \/>\n<link rel=\"canonical\" href=\"https:\/\/www.hartmann-gesellschaft.de\/en\/podium-junger-komponisten-2-2016\/\" \/>\n<meta property=\"og:locale\" content=\"en_US\" \/>\n<meta property=\"og:type\" content=\"article\" \/>\n<meta property=\"og:title\" content=\"Podium junger Komponisten (2\/2016) - KARL AMADEUS HARTMANN - CENTER\" \/>\n<meta property=\"og:description\" content=\"We feel particularly committed to the mission and intention of Karl Amadeus Hartmann to promote young, highly talented composers and performers and to introduce them to the humanistic and socio-political dimensions of his works. Within the framework of our new series of events, hartmann21, this request is now to be taken into account. In 2016\/2017, [&hellip;]\" \/>\n<meta property=\"og:url\" content=\"https:\/\/www.hartmann-gesellschaft.de\/en\/podium-junger-komponisten-2-2016\/\" \/>\n<meta property=\"og:site_name\" content=\"KARL AMADEUS HARTMANN - CENTER\" \/>\n<meta property=\"article:published_time\" content=\"2016-11-30T09:55:12+00:00\" \/>\n<meta property=\"og:image\" content=\"https:\/\/www.hartmann-gesellschaft.de\/wp-content\/uploads\/2020\/04\/16_11_30_podium.jpg\" \/>\n\t<meta property=\"og:image:width\" content=\"2480\" \/>\n\t<meta property=\"og:image:height\" content=\"2480\" \/>\n\t<meta property=\"og:image:type\" content=\"image\/jpeg\" \/>\n<meta name=\"author\" content=\"Vinzenz\" \/>\n<meta name=\"twitter:card\" content=\"summary_large_image\" \/>\n<meta name=\"twitter:label1\" content=\"Written by\" \/>\n\t<meta name=\"twitter:data1\" content=\"Vinzenz\" \/>\n\t<meta name=\"twitter:label2\" content=\"Est. reading time\" \/>\n\t<meta name=\"twitter:data2\" content=\"1 minute\" \/>\n<script type=\"application\/ld+json\" class=\"yoast-schema-graph\">{\"@context\":\"https:\\\/\\\/schema.org\",\"@graph\":[{\"@type\":\"Article\",\"@id\":\"https:\\\/\\\/www.hartmann-gesellschaft.de\\\/en\\\/podium-junger-komponisten-2-2016\\\/#article\",\"isPartOf\":{\"@id\":\"https:\\\/\\\/www.hartmann-gesellschaft.de\\\/en\\\/podium-junger-komponisten-2-2016\\\/\"},\"author\":{\"name\":\"Vinzenz\",\"@id\":\"https:\\\/\\\/www.hartmann-gesellschaft.de\\\/en\\\/#\\\/schema\\\/person\\\/9f62054d1ff434caae392781e71682bd\"},\"headline\":\"Podium junger Komponisten (2\\\/2016)\",\"datePublished\":\"2016-11-30T09:55:12+00:00\",\"mainEntityOfPage\":{\"@id\":\"https:\\\/\\\/www.hartmann-gesellschaft.de\\\/en\\\/podium-junger-komponisten-2-2016\\\/\"},\"wordCount\":282,\"publisher\":{\"@id\":\"https:\\\/\\\/www.hartmann-gesellschaft.de\\\/en\\\/#organization\"},\"image\":{\"@id\":\"https:\\\/\\\/www.hartmann-gesellschaft.de\\\/en\\\/podium-junger-komponisten-2-2016\\\/#primaryimage\"},\"thumbnailUrl\":\"https:\\\/\\\/www.hartmann-gesellschaft.de\\\/wp-content\\\/uploads\\\/2020\\\/04\\\/16_11_30_podium.jpg\",\"articleSection\":[\"General\",\"hartmann21\"],\"inLanguage\":\"en-US\"},{\"@type\":\"WebPage\",\"@id\":\"https:\\\/\\\/www.hartmann-gesellschaft.de\\\/en\\\/podium-junger-komponisten-2-2016\\\/\",\"url\":\"https:\\\/\\\/www.hartmann-gesellschaft.de\\\/en\\\/podium-junger-komponisten-2-2016\\\/\",\"name\":\"Podium junger Komponisten (2\\\/2016) - KARL AMADEUS HARTMANN - CENTER\",\"isPartOf\":{\"@id\":\"https:\\\/\\\/www.hartmann-gesellschaft.de\\\/en\\\/#website\"},\"primaryImageOfPage\":{\"@id\":\"https:\\\/\\\/www.hartmann-gesellschaft.de\\\/en\\\/podium-junger-komponisten-2-2016\\\/#primaryimage\"},\"image\":{\"@id\":\"https:\\\/\\\/www.hartmann-gesellschaft.de\\\/en\\\/podium-junger-komponisten-2-2016\\\/#primaryimage\"},\"thumbnailUrl\":\"https:\\\/\\\/www.hartmann-gesellschaft.de\\\/wp-content\\\/uploads\\\/2020\\\/04\\\/16_11_30_podium.jpg\",\"datePublished\":\"2016-11-30T09:55:12+00:00\",\"breadcrumb\":{\"@id\":\"https:\\\/\\\/www.hartmann-gesellschaft.de\\\/en\\\/podium-junger-komponisten-2-2016\\\/#breadcrumb\"},\"inLanguage\":\"en-US\",\"potentialAction\":[{\"@type\":\"ReadAction\",\"target\":[\"https:\\\/\\\/www.hartmann-gesellschaft.de\\\/en\\\/podium-junger-komponisten-2-2016\\\/\"]}]},{\"@type\":\"ImageObject\",\"inLanguage\":\"en-US\",\"@id\":\"https:\\\/\\\/www.hartmann-gesellschaft.de\\\/en\\\/podium-junger-komponisten-2-2016\\\/#primaryimage\",\"url\":\"https:\\\/\\\/www.hartmann-gesellschaft.de\\\/wp-content\\\/uploads\\\/2020\\\/04\\\/16_11_30_podium.jpg\",\"contentUrl\":\"https:\\\/\\\/www.hartmann-gesellschaft.de\\\/wp-content\\\/uploads\\\/2020\\\/04\\\/16_11_30_podium.jpg\",\"width\":2480,\"height\":2480},{\"@type\":\"BreadcrumbList\",\"@id\":\"https:\\\/\\\/www.hartmann-gesellschaft.de\\\/en\\\/podium-junger-komponisten-2-2016\\\/#breadcrumb\",\"itemListElement\":[{\"@type\":\"ListItem\",\"position\":1,\"name\":\"Startseite\",\"item\":\"https:\\\/\\\/www.hartmann-gesellschaft.de\\\/en\\\/\"},{\"@type\":\"ListItem\",\"position\":2,\"name\":\"General\",\"item\":\"https:\\\/\\\/www.hartmann-gesellschaft.de\\\/en\\\/kategorie\\\/general\\\/\"},{\"@type\":\"ListItem\",\"position\":3,\"name\":\"Podium junger Komponisten (2\\\/2016)\"}]},{\"@type\":\"WebSite\",\"@id\":\"https:\\\/\\\/www.hartmann-gesellschaft.de\\\/en\\\/#website\",\"url\":\"https:\\\/\\\/www.hartmann-gesellschaft.de\\\/en\\\/\",\"name\":\"KARL AMADEUS HARTMANN - CENTER\",\"description\":\"K.A.H. Gesellschaft\",\"publisher\":{\"@id\":\"https:\\\/\\\/www.hartmann-gesellschaft.de\\\/en\\\/#organization\"},\"potentialAction\":[{\"@type\":\"SearchAction\",\"target\":{\"@type\":\"EntryPoint\",\"urlTemplate\":\"https:\\\/\\\/www.hartmann-gesellschaft.de\\\/en\\\/?s={search_term_string}\"},\"query-input\":{\"@type\":\"PropertyValueSpecification\",\"valueRequired\":true,\"valueName\":\"search_term_string\"}}],\"inLanguage\":\"en-US\"},{\"@type\":\"Organization\",\"@id\":\"https:\\\/\\\/www.hartmann-gesellschaft.de\\\/en\\\/#organization\",\"name\":\"Karl Amadeus Hartmann Gesellschaft e.V.\",\"url\":\"https:\\\/\\\/www.hartmann-gesellschaft.de\\\/en\\\/\",\"logo\":{\"@type\":\"ImageObject\",\"inLanguage\":\"en-US\",\"@id\":\"https:\\\/\\\/www.hartmann-gesellschaft.de\\\/en\\\/#\\\/schema\\\/logo\\\/image\\\/\",\"url\":\"https:\\\/\\\/www.hartmann-gesellschaft.de\\\/wp-content\\\/uploads\\\/2019\\\/11\\\/social.jpg\",\"contentUrl\":\"https:\\\/\\\/www.hartmann-gesellschaft.de\\\/wp-content\\\/uploads\\\/2019\\\/11\\\/social.jpg\",\"width\":1900,\"height\":1182,\"caption\":\"Karl Amadeus Hartmann Gesellschaft e.V.\"},\"image\":{\"@id\":\"https:\\\/\\\/www.hartmann-gesellschaft.de\\\/en\\\/#\\\/schema\\\/logo\\\/image\\\/\"}},{\"@type\":\"Person\",\"@id\":\"https:\\\/\\\/www.hartmann-gesellschaft.de\\\/en\\\/#\\\/schema\\\/person\\\/9f62054d1ff434caae392781e71682bd\",\"name\":\"Vinzenz\",\"image\":{\"@type\":\"ImageObject\",\"inLanguage\":\"en-US\",\"@id\":\"https:\\\/\\\/secure.gravatar.com\\\/avatar\\\/b792e0ab2b272a7ac520dc07593eb9e1aab5c3c94d4fc72b019521e254a111bf?s=96&d=mm&r=g\",\"url\":\"https:\\\/\\\/secure.gravatar.com\\\/avatar\\\/b792e0ab2b272a7ac520dc07593eb9e1aab5c3c94d4fc72b019521e254a111bf?s=96&d=mm&r=g\",\"contentUrl\":\"https:\\\/\\\/secure.gravatar.com\\\/avatar\\\/b792e0ab2b272a7ac520dc07593eb9e1aab5c3c94d4fc72b019521e254a111bf?s=96&d=mm&r=g\",\"caption\":\"Vinzenz\"},\"url\":\"https:\\\/\\\/www.hartmann-gesellschaft.de\\\/en\\\/author\\\/vinzenz\\\/\"}]}<\/script>\n<!-- \/ Yoast SEO plugin. -->","yoast_head_json":{"title":"Podium junger Komponisten (2\/2016) - KARL AMADEUS HARTMANN - CENTER","robots":{"index":"index","follow":"follow","max-snippet":"max-snippet:-1","max-image-preview":"max-image-preview:large","max-video-preview":"max-video-preview:-1"},"canonical":"https:\/\/www.hartmann-gesellschaft.de\/en\/podium-junger-komponisten-2-2016\/","og_locale":"en_US","og_type":"article","og_title":"Podium junger Komponisten (2\/2016) - KARL AMADEUS HARTMANN - CENTER","og_description":"We feel particularly committed to the mission and intention of Karl Amadeus Hartmann to promote young, highly talented composers and performers and to introduce them to the humanistic and socio-political dimensions of his works. Within the framework of our new series of events, hartmann21, this request is now to be taken into account. In 2016\/2017, [&hellip;]","og_url":"https:\/\/www.hartmann-gesellschaft.de\/en\/podium-junger-komponisten-2-2016\/","og_site_name":"KARL AMADEUS HARTMANN - CENTER","article_published_time":"2016-11-30T09:55:12+00:00","og_image":[{"width":2480,"height":2480,"url":"https:\/\/www.hartmann-gesellschaft.de\/wp-content\/uploads\/2020\/04\/16_11_30_podium.jpg","type":"image\/jpeg"}],"author":"Vinzenz","twitter_card":"summary_large_image","twitter_misc":{"Written by":"Vinzenz","Est. reading time":"1 minute"},"schema":{"@context":"https:\/\/schema.org","@graph":[{"@type":"Article","@id":"https:\/\/www.hartmann-gesellschaft.de\/en\/podium-junger-komponisten-2-2016\/#article","isPartOf":{"@id":"https:\/\/www.hartmann-gesellschaft.de\/en\/podium-junger-komponisten-2-2016\/"},"author":{"name":"Vinzenz","@id":"https:\/\/www.hartmann-gesellschaft.de\/en\/#\/schema\/person\/9f62054d1ff434caae392781e71682bd"},"headline":"Podium junger Komponisten (2\/2016)","datePublished":"2016-11-30T09:55:12+00:00","mainEntityOfPage":{"@id":"https:\/\/www.hartmann-gesellschaft.de\/en\/podium-junger-komponisten-2-2016\/"},"wordCount":282,"publisher":{"@id":"https:\/\/www.hartmann-gesellschaft.de\/en\/#organization"},"image":{"@id":"https:\/\/www.hartmann-gesellschaft.de\/en\/podium-junger-komponisten-2-2016\/#primaryimage"},"thumbnailUrl":"https:\/\/www.hartmann-gesellschaft.de\/wp-content\/uploads\/2020\/04\/16_11_30_podium.jpg","articleSection":["General","hartmann21"],"inLanguage":"en-US"},{"@type":"WebPage","@id":"https:\/\/www.hartmann-gesellschaft.de\/en\/podium-junger-komponisten-2-2016\/","url":"https:\/\/www.hartmann-gesellschaft.de\/en\/podium-junger-komponisten-2-2016\/","name":"Podium junger Komponisten (2\/2016) - KARL AMADEUS HARTMANN - CENTER","isPartOf":{"@id":"https:\/\/www.hartmann-gesellschaft.de\/en\/#website"},"primaryImageOfPage":{"@id":"https:\/\/www.hartmann-gesellschaft.de\/en\/podium-junger-komponisten-2-2016\/#primaryimage"},"image":{"@id":"https:\/\/www.hartmann-gesellschaft.de\/en\/podium-junger-komponisten-2-2016\/#primaryimage"},"thumbnailUrl":"https:\/\/www.hartmann-gesellschaft.de\/wp-content\/uploads\/2020\/04\/16_11_30_podium.jpg","datePublished":"2016-11-30T09:55:12+00:00","breadcrumb":{"@id":"https:\/\/www.hartmann-gesellschaft.de\/en\/podium-junger-komponisten-2-2016\/#breadcrumb"},"inLanguage":"en-US","potentialAction":[{"@type":"ReadAction","target":["https:\/\/www.hartmann-gesellschaft.de\/en\/podium-junger-komponisten-2-2016\/"]}]},{"@type":"ImageObject","inLanguage":"en-US","@id":"https:\/\/www.hartmann-gesellschaft.de\/en\/podium-junger-komponisten-2-2016\/#primaryimage","url":"https:\/\/www.hartmann-gesellschaft.de\/wp-content\/uploads\/2020\/04\/16_11_30_podium.jpg","contentUrl":"https:\/\/www.hartmann-gesellschaft.de\/wp-content\/uploads\/2020\/04\/16_11_30_podium.jpg","width":2480,"height":2480},{"@type":"BreadcrumbList","@id":"https:\/\/www.hartmann-gesellschaft.de\/en\/podium-junger-komponisten-2-2016\/#breadcrumb","itemListElement":[{"@type":"ListItem","position":1,"name":"Startseite","item":"https:\/\/www.hartmann-gesellschaft.de\/en\/"},{"@type":"ListItem","position":2,"name":"General","item":"https:\/\/www.hartmann-gesellschaft.de\/en\/kategorie\/general\/"},{"@type":"ListItem","position":3,"name":"Podium junger Komponisten (2\/2016)"}]},{"@type":"WebSite","@id":"https:\/\/www.hartmann-gesellschaft.de\/en\/#website","url":"https:\/\/www.hartmann-gesellschaft.de\/en\/","name":"KARL AMADEUS HARTMANN - CENTER","description":"K.A.H. Gesellschaft","publisher":{"@id":"https:\/\/www.hartmann-gesellschaft.de\/en\/#organization"},"potentialAction":[{"@type":"SearchAction","target":{"@type":"EntryPoint","urlTemplate":"https:\/\/www.hartmann-gesellschaft.de\/en\/?s={search_term_string}"},"query-input":{"@type":"PropertyValueSpecification","valueRequired":true,"valueName":"search_term_string"}}],"inLanguage":"en-US"},{"@type":"Organization","@id":"https:\/\/www.hartmann-gesellschaft.de\/en\/#organization","name":"Karl Amadeus Hartmann Gesellschaft e.V.","url":"https:\/\/www.hartmann-gesellschaft.de\/en\/","logo":{"@type":"ImageObject","inLanguage":"en-US","@id":"https:\/\/www.hartmann-gesellschaft.de\/en\/#\/schema\/logo\/image\/","url":"https:\/\/www.hartmann-gesellschaft.de\/wp-content\/uploads\/2019\/11\/social.jpg","contentUrl":"https:\/\/www.hartmann-gesellschaft.de\/wp-content\/uploads\/2019\/11\/social.jpg","width":1900,"height":1182,"caption":"Karl Amadeus Hartmann Gesellschaft e.V."},"image":{"@id":"https:\/\/www.hartmann-gesellschaft.de\/en\/#\/schema\/logo\/image\/"}},{"@type":"Person","@id":"https:\/\/www.hartmann-gesellschaft.de\/en\/#\/schema\/person\/9f62054d1ff434caae392781e71682bd","name":"Vinzenz","image":{"@type":"ImageObject","inLanguage":"en-US","@id":"https:\/\/secure.gravatar.com\/avatar\/b792e0ab2b272a7ac520dc07593eb9e1aab5c3c94d4fc72b019521e254a111bf?s=96&d=mm&r=g","url":"https:\/\/secure.gravatar.com\/avatar\/b792e0ab2b272a7ac520dc07593eb9e1aab5c3c94d4fc72b019521e254a111bf?s=96&d=mm&r=g","contentUrl":"https:\/\/secure.gravatar.com\/avatar\/b792e0ab2b272a7ac520dc07593eb9e1aab5c3c94d4fc72b019521e254a111bf?s=96&d=mm&r=g","caption":"Vinzenz"},"url":"https:\/\/www.hartmann-gesellschaft.de\/en\/author\/vinzenz\/"}]}},"_links":{"self":[{"href":"https:\/\/www.hartmann-gesellschaft.de\/en\/wp-json\/wp\/v2\/posts\/15296","targetHints":{"allow":["GET"]}}],"collection":[{"href":"https:\/\/www.hartmann-gesellschaft.de\/en\/wp-json\/wp\/v2\/posts"}],"about":[{"href":"https:\/\/www.hartmann-gesellschaft.de\/en\/wp-json\/wp\/v2\/types\/post"}],"author":[{"embeddable":true,"href":"https:\/\/www.hartmann-gesellschaft.de\/en\/wp-json\/wp\/v2\/users\/11"}],"replies":[{"embeddable":true,"href":"https:\/\/www.hartmann-gesellschaft.de\/en\/wp-json\/wp\/v2\/comments?post=15296"}],"version-history":[{"count":0,"href":"https:\/\/www.hartmann-gesellschaft.de\/en\/wp-json\/wp\/v2\/posts\/15296\/revisions"}],"wp:featuredmedia":[{"embeddable":true,"href":"https:\/\/www.hartmann-gesellschaft.de\/en\/wp-json\/wp\/v2\/media\/14702"}],"wp:attachment":[{"href":"https:\/\/www.hartmann-gesellschaft.de\/en\/wp-json\/wp\/v2\/media?parent=15296"}],"wp:term":[{"taxonomy":"category","embeddable":true,"href":"https:\/\/www.hartmann-gesellschaft.de\/en\/wp-json\/wp\/v2\/categories?post=15296"},{"taxonomy":"post_tag","embeddable":true,"href":"https:\/\/www.hartmann-gesellschaft.de\/en\/wp-json\/wp\/v2\/tags?post=15296"}],"curies":[{"name":"wp","href":"https:\/\/api.w.org\/{rel}","templated":true}]}}